{"id":326,"date":"2020-05-17T04:06:30","date_gmt":"2020-05-17T04:06:30","guid":{"rendered":"https:\/\/solylunavitaplay.cl\/?p=326"},"modified":"2020-07-04T03:47:05","modified_gmt":"2020-07-04T03:47:05","slug":"clases-suspendidas","status":"publish","type":"post","link":"https:\/\/solylunavitaplay.cl\/?p=326","title":{"rendered":"Clases Suspendidas"},"content":{"rendered":"[et_pb_section fb_built=\u00bb1&#8243; admin_label=\u00bbMENU\u00bb _builder_version=\u00bb4.4.9&#8243; background_color=\u00bb#edf000&#8243; custom_padding=\u00bb0px||0px|||\u00bb box_shadow_style=\u00bbpreset2&#8243; locked=\u00bboff\u00bb][et_pb_row _builder_version=\u00bb4.4.8&#8243;][et_pb_column type=\u00bb4_4&#8243; _builder_version=\u00bb4.4.8&#8243;][et_pb_post_title author=\u00bboff\u00bb date_format=\u00bbj M, Y\u00bb categories=\u00bboff\u00bb comments=\u00bboff\u00bb featured_image=\u00bboff\u00bb _builder_version=\u00bb4.4.9&#8243; title_font=\u00bbCabin Sketch|700|||||||\u00bb title_text_color=\u00bb#0c71c3&#8243; title_font_size=\u00bb40px\u00bb meta_text_color=\u00bb#0c71c3&#8243; meta_font_size=\u00bb16px\u00bb custom_margin=\u00bb31px|||||\u00bb][\/et_pb_post_title][\/et_pb_column][\/et_pb_row][\/et_pb_section][et_pb_section fb_built=\u00bb1&#8243; _builder_version=\u00bb3.22&#8243;][et_pb_row _builder_version=\u00bb3.25&#8243; background_size=\u00bbinitial\u00bb background_position=\u00bbtop_left\u00bb background_repeat=\u00bbrepeat\u00bb][et_pb_column type=\u00bb4_4&#8243; _builder_version=\u00bb3.25&#8243; custom_padding=\u00bb|||\u00bb custom_padding__hover=\u00bb|||\u00bb][et_pb_text _builder_version=\u00bb4.4.8&#8243; background_size=\u00bbinitial\u00bb background_position=\u00bbtop_left\u00bb background_repeat=\u00bbrepeat\u00bb]\n<p>La Resoluci\u00f3n N\u00ba 322 dispone medidas sobre cuarentena,cordones sanitarios y suspensi\u00f3n de clases por brote de\u00a0Covid-19. Dicha resoluci\u00f3n suspende presencialmente las clases en todos los jardines infantiles y establecimientos educacionales del pa\u00eds, pudiendo continuar la prestaci\u00f3n del servicio educacional de manera remota, hasta que las condiciones sanitarias permitan el levantamiento de esta medida.<\/p>\n<p>Dado los numerosos casos de contagio registrados a nivel mundial por Coronavirus, es que la Divisi\u00f3n de Educaci\u00f3n General de Chile, ha decidido enviar una circular titulada: \u201cPrevenci\u00f3n y monitoreo del contagio de Coronavirus COVID-19 en establecimientos educacionales\u201d.<\/p>\n<p><strong>Para prevenir, es muy importante que hagamos lo siguiente:<\/strong><\/p>\n<ul>\n<li style=\"list-style-type: none;\">\n<ol>\n<li>Mantener una higiene de manos adecuada con agua y jab\u00f3n.<\/li>\n<li>Disponer de alcohol gel dentro del recinto.<\/li>\n<li>Al estornudar o toser, cubrirse la boca y nariz con pa\u00f1uelo desechable o con nuestro antebrazo.<\/li>\n<li>No tocarnos la cara: ojos, nariz y boca.<\/li>\n<li>Mantener la distancia de 1 metro con personas, m\u00e1s a\u00fan si presentan s\u00edntomas como: fiebre, tos o estornudo.<\/li>\n<li>La mascarilla est\u00e1 recomendada para personas que tengan los s\u00edntomas de fiebre, tos o estornudo. De todas formas, es bueno utilizarla para salir a cualquier lugar.<\/li>\n<li>Por \u00faltimo, preocuparnos de mantener limpias las superficies (ba\u00f1o, cocina, etc.).<\/li>\n<\/ol>\n<\/li>\n<\/ul>\n<p>Para m\u00e1s informaci\u00f3n puede consultar la p\u00e1gina web del Ministerio de Salud\u00a0<a href=\"https:\/\/www.minsal.cl\/nuevo-coronavirus-2019-ncov\/\">https:\/\/www.minsal.cl\/nuevo-coronavirus-2019-ncov\u00a0<\/a> o puede llamar a Salud Responde 600 360 7777, quienes atienden durante las 24 horas.<\/p>\n<h5>Direcci\u00f3n<\/h5>\n<h4>Corporaci\u00f3n Vitaplay<\/h4>\n[\/et_pb_text][\/et_pb_column][\/et_pb_row][\/et_pb_section]\n","protected":false},"excerpt":{"rendered":"<p>La Resoluci\u00f3n N\u00ba 322 dispone medidas sobre cuarentena,cordones sanitarios y suspensi\u00f3n de clases por brote de Covid-19. Dicha resoluci\u00f3n suspende presencialmente las clases en todos los jardines infantiles y establecimientos educacionales del pa\u00eds<\/p>\n","protected":false},"author":8,"featured_media":1551,"comment_status":"closed","ping_status":"closed","sticky":false,"template":"","format":"standard","meta":{"_et_pb_use_builder":"on","_et_pb_old_content":"<div class=\"CUERPO\"><p>\u00a0<\/p><\/div><p>\u00a0<\/p>","_et_gb_content_width":"","footnotes":""},"categories":[33,17],"tags":[],"class_list":["post-326","post","type-post","status-publish","format-standard","has-post-thumbnail","hentry","category-escuela","category-noticias"],"yoast_head":"<!-- This site is optimized with the Yoast SEO plugin v26.0 - https:\/\/yoast.com\/wordpress\/plugins\/seo\/ -->\n<title>Clases Suspendidas - Escuela Sol y Luna<\/title>\n<meta name=\"robots\" content=\"index, follow, max-snippet:-1, max-image-preview:large, max-video-preview:-1\" \/>\n<link rel=\"canonical\" href=\"https:\/\/solylunavitaplay.cl\/?p=326\" \/>\n<meta property=\"og:locale\" content=\"es_ES\" \/>\n<meta property=\"og:type\" content=\"article\" \/>\n<meta property=\"og:title\" content=\"Clases Suspendidas - Escuela Sol y Luna\" \/>\n<meta property=\"og:description\" content=\"La Resoluci\u00f3n N\u00ba 322 dispone medidas sobre cuarentena,cordones sanitarios y suspensi\u00f3n de clases por brote de Covid-19. Dicha resoluci\u00f3n suspende presencialmente las clases en todos los jardines infantiles y establecimientos educacionales del pa\u00eds\" \/>\n<meta property=\"og:url\" content=\"https:\/\/solylunavitaplay.cl\/?p=326\" \/>\n<meta property=\"og:site_name\" content=\"Escuela Sol y Luna\" \/>\n<meta property=\"article:published_time\" content=\"2020-05-17T04:06:30+00:00\" \/>\n<meta property=\"article:modified_time\" content=\"2020-07-04T03:47:05+00:00\" \/>\n<meta property=\"og:image\" content=\"https:\/\/solylunavitaplay.cl\/wp-content\/uploads\/2020\/05\/coronavirus-900.jpg\" \/>\n\t<meta property=\"og:image:width\" content=\"900\" \/>\n\t<meta property=\"og:image:height\" content=\"506\" \/>\n\t<meta property=\"og:image:type\" content=\"image\/jpeg\" \/>\n<meta name=\"author\" content=\"Eduardo Reyes\" \/>\n<meta name=\"twitter:card\" content=\"summary_large_image\" \/>\n<meta name=\"twitter:label1\" content=\"Escrito por\" \/>\n\t<meta name=\"twitter:data1\" content=\"Eduardo Reyes\" \/>\n\t<meta name=\"twitter:label2\" content=\"Tiempo de lectura\" \/>\n\t<meta name=\"twitter:data2\" content=\"2 minutos\" \/>\n<script type=\"application\/ld+json\" class=\"yoast-schema-graph\">{\"@context\":\"https:\/\/schema.org\",\"@graph\":[{\"@type\":\"WebPage\",\"@id\":\"https:\/\/solylunavitaplay.cl\/?p=326\",\"url\":\"https:\/\/solylunavitaplay.cl\/?p=326\",\"name\":\"Clases Suspendidas - Escuela Sol y Luna\",\"isPartOf\":{\"@id\":\"https:\/\/solylunavitaplay.cl\/#website\"},\"primaryImageOfPage\":{\"@id\":\"https:\/\/solylunavitaplay.cl\/?p=326#primaryimage\"},\"image\":{\"@id\":\"https:\/\/solylunavitaplay.cl\/?p=326#primaryimage\"},\"thumbnailUrl\":\"https:\/\/solylunavitaplay.cl\/wp-content\/uploads\/2020\/05\/coronavirus-900.jpg\",\"datePublished\":\"2020-05-17T04:06:30+00:00\",\"dateModified\":\"2020-07-04T03:47:05+00:00\",\"author\":{\"@id\":\"https:\/\/solylunavitaplay.cl\/#\/schema\/person\/26970d064594c59558213d497d6923d2\"},\"breadcrumb\":{\"@id\":\"https:\/\/solylunavitaplay.cl\/?p=326#breadcrumb\"},\"inLanguage\":\"es\",\"potentialAction\":[{\"@type\":\"ReadAction\",\"target\":[\"https:\/\/solylunavitaplay.cl\/?p=326\"]}]},{\"@type\":\"ImageObject\",\"inLanguage\":\"es\",\"@id\":\"https:\/\/solylunavitaplay.cl\/?p=326#primaryimage\",\"url\":\"https:\/\/solylunavitaplay.cl\/wp-content\/uploads\/2020\/05\/coronavirus-900.jpg\",\"contentUrl\":\"https:\/\/solylunavitaplay.cl\/wp-content\/uploads\/2020\/05\/coronavirus-900.jpg\",\"width\":900,\"height\":506},{\"@type\":\"BreadcrumbList\",\"@id\":\"https:\/\/solylunavitaplay.cl\/?p=326#breadcrumb\",\"itemListElement\":[{\"@type\":\"ListItem\",\"position\":1,\"name\":\"Portada\",\"item\":\"https:\/\/solylunavitaplay.cl\/\"},{\"@type\":\"ListItem\",\"position\":2,\"name\":\"Clases Suspendidas\"}]},{\"@type\":\"WebSite\",\"@id\":\"https:\/\/solylunavitaplay.cl\/#website\",\"url\":\"https:\/\/solylunavitaplay.cl\/\",\"name\":\"Escuela Sol y Luna\",\"description\":\"Un mundo de aventuras\",\"potentialAction\":[{\"@type\":\"SearchAction\",\"target\":{\"@type\":\"EntryPoint\",\"urlTemplate\":\"https:\/\/solylunavitaplay.cl\/?s={search_term_string}\"},\"query-input\":{\"@type\":\"PropertyValueSpecification\",\"valueRequired\":true,\"valueName\":\"search_term_string\"}}],\"inLanguage\":\"es\"},{\"@type\":\"Person\",\"@id\":\"https:\/\/solylunavitaplay.cl\/#\/schema\/person\/26970d064594c59558213d497d6923d2\",\"name\":\"Eduardo Reyes\",\"image\":{\"@type\":\"ImageObject\",\"inLanguage\":\"es\",\"@id\":\"https:\/\/solylunavitaplay.cl\/#\/schema\/person\/image\/\",\"url\":\"https:\/\/secure.gravatar.com\/avatar\/ae493060ae9ee52ea5e3e7e2694139a6b6cffd0bff35bdb763226d8751cc14fd?s=96&d=mm&r=g\",\"contentUrl\":\"https:\/\/secure.gravatar.com\/avatar\/ae493060ae9ee52ea5e3e7e2694139a6b6cffd0bff35bdb763226d8751cc14fd?s=96&d=mm&r=g\",\"caption\":\"Eduardo Reyes\"},\"url\":\"https:\/\/solylunavitaplay.cl\/?author=8\"}]}<\/script>\n<!-- \/ Yoast SEO plugin. -->","yoast_head_json":{"title":"Clases Suspendidas - Escuela Sol y Luna","robots":{"index":"index","follow":"follow","max-snippet":"max-snippet:-1","max-image-preview":"max-image-preview:large","max-video-preview":"max-video-preview:-1"},"canonical":"https:\/\/solylunavitaplay.cl\/?p=326","og_locale":"es_ES","og_type":"article","og_title":"Clases Suspendidas - Escuela Sol y Luna","og_description":"La Resoluci\u00f3n N\u00ba 322 dispone medidas sobre cuarentena,cordones sanitarios y suspensi\u00f3n de clases por brote de Covid-19. Dicha resoluci\u00f3n suspende presencialmente las clases en todos los jardines infantiles y establecimientos educacionales del pa\u00eds","og_url":"https:\/\/solylunavitaplay.cl\/?p=326","og_site_name":"Escuela Sol y Luna","article_published_time":"2020-05-17T04:06:30+00:00","article_modified_time":"2020-07-04T03:47:05+00:00","og_image":[{"width":900,"height":506,"url":"https:\/\/solylunavitaplay.cl\/wp-content\/uploads\/2020\/05\/coronavirus-900.jpg","type":"image\/jpeg"}],"author":"Eduardo Reyes","twitter_card":"summary_large_image","twitter_misc":{"Escrito por":"Eduardo Reyes","Tiempo de lectura":"2 minutos"},"schema":{"@context":"https:\/\/schema.org","@graph":[{"@type":"WebPage","@id":"https:\/\/solylunavitaplay.cl\/?p=326","url":"https:\/\/solylunavitaplay.cl\/?p=326","name":"Clases Suspendidas - Escuela Sol y Luna","isPartOf":{"@id":"https:\/\/solylunavitaplay.cl\/#website"},"primaryImageOfPage":{"@id":"https:\/\/solylunavitaplay.cl\/?p=326#primaryimage"},"image":{"@id":"https:\/\/solylunavitaplay.cl\/?p=326#primaryimage"},"thumbnailUrl":"https:\/\/solylunavitaplay.cl\/wp-content\/uploads\/2020\/05\/coronavirus-900.jpg","datePublished":"2020-05-17T04:06:30+00:00","dateModified":"2020-07-04T03:47:05+00:00","author":{"@id":"https:\/\/solylunavitaplay.cl\/#\/schema\/person\/26970d064594c59558213d497d6923d2"},"breadcrumb":{"@id":"https:\/\/solylunavitaplay.cl\/?p=326#breadcrumb"},"inLanguage":"es","potentialAction":[{"@type":"ReadAction","target":["https:\/\/solylunavitaplay.cl\/?p=326"]}]},{"@type":"ImageObject","inLanguage":"es","@id":"https:\/\/solylunavitaplay.cl\/?p=326#primaryimage","url":"https:\/\/solylunavitaplay.cl\/wp-content\/uploads\/2020\/05\/coronavirus-900.jpg","contentUrl":"https:\/\/solylunavitaplay.cl\/wp-content\/uploads\/2020\/05\/coronavirus-900.jpg","width":900,"height":506},{"@type":"BreadcrumbList","@id":"https:\/\/solylunavitaplay.cl\/?p=326#breadcrumb","itemListElement":[{"@type":"ListItem","position":1,"name":"Portada","item":"https:\/\/solylunavitaplay.cl\/"},{"@type":"ListItem","position":2,"name":"Clases Suspendidas"}]},{"@type":"WebSite","@id":"https:\/\/solylunavitaplay.cl\/#website","url":"https:\/\/solylunavitaplay.cl\/","name":"Escuela Sol y Luna","description":"Un mundo de aventuras","potentialAction":[{"@type":"SearchAction","target":{"@type":"EntryPoint","urlTemplate":"https:\/\/solylunavitaplay.cl\/?s={search_term_string}"},"query-input":{"@type":"PropertyValueSpecification","valueRequired":true,"valueName":"search_term_string"}}],"inLanguage":"es"},{"@type":"Person","@id":"https:\/\/solylunavitaplay.cl\/#\/schema\/person\/26970d064594c59558213d497d6923d2","name":"Eduardo Reyes","image":{"@type":"ImageObject","inLanguage":"es","@id":"https:\/\/solylunavitaplay.cl\/#\/schema\/person\/image\/","url":"https:\/\/secure.gravatar.com\/avatar\/ae493060ae9ee52ea5e3e7e2694139a6b6cffd0bff35bdb763226d8751cc14fd?s=96&d=mm&r=g","contentUrl":"https:\/\/secure.gravatar.com\/avatar\/ae493060ae9ee52ea5e3e7e2694139a6b6cffd0bff35bdb763226d8751cc14fd?s=96&d=mm&r=g","caption":"Eduardo Reyes"},"url":"https:\/\/solylunavitaplay.cl\/?author=8"}]}},"_links":{"self":[{"href":"https:\/\/solylunavitaplay.cl\/index.php?rest_route=\/wp\/v2\/posts\/326","targetHints":{"allow":["GET"]}}],"collection":[{"href":"https:\/\/solylunavitaplay.cl\/index.php?rest_route=\/wp\/v2\/posts"}],"about":[{"href":"https:\/\/solylunavitaplay.cl\/index.php?rest_route=\/wp\/v2\/types\/post"}],"author":[{"embeddable":true,"href":"https:\/\/solylunavitaplay.cl\/index.php?rest_route=\/wp\/v2\/users\/8"}],"replies":[{"embeddable":true,"href":"https:\/\/solylunavitaplay.cl\/index.php?rest_route=%2Fwp%2Fv2%2Fcomments&post=326"}],"version-history":[{"count":33,"href":"https:\/\/solylunavitaplay.cl\/index.php?rest_route=\/wp\/v2\/posts\/326\/revisions"}],"predecessor-version":[{"id":1553,"href":"https:\/\/solylunavitaplay.cl\/index.php?rest_route=\/wp\/v2\/posts\/326\/revisions\/1553"}],"wp:featuredmedia":[{"embeddable":true,"href":"https:\/\/solylunavitaplay.cl\/index.php?rest_route=\/wp\/v2\/media\/1551"}],"wp:attachment":[{"href":"https:\/\/solylunavitaplay.cl\/index.php?rest_route=%2Fwp%2Fv2%2Fmedia&parent=326"}],"wp:term":[{"taxonomy":"category","embeddable":true,"href":"https:\/\/solylunavitaplay.cl\/index.php?rest_route=%2Fwp%2Fv2%2Fcategories&post=326"},{"taxonomy":"post_tag","embeddable":true,"href":"https:\/\/solylunavitaplay.cl\/index.php?rest_route=%2Fwp%2Fv2%2Ftags&post=326"}],"curies":[{"name":"wp","href":"https:\/\/api.w.org\/{rel}","templated":true}]}}