{"id":1953,"date":"2022-10-01T17:32:07","date_gmt":"2022-10-01T17:32:07","guid":{"rendered":"https:\/\/solylunavitaplay.cl\/?p=1953"},"modified":"2022-10-11T21:01:26","modified_gmt":"2022-10-11T21:01:26","slug":"que-es-el-encuentro-de-dos-mundos","status":"publish","type":"post","link":"https:\/\/solylunavitaplay.cl\/?p=1953","title":{"rendered":"\u00bfQu\u00e9 es el \u00abEncuentro de Dos Mundos\u00bb?"},"content":{"rendered":"[et_pb_section fb_built=\u00bb1&#8243; _builder_version=\u00bb4.18.0&#8243; max_width=\u00bb100%\u00bb global_colors_info=\u00bb{}\u00bb][et_pb_row _builder_version=\u00bb4.18.0&#8243; background_size=\u00bbinitial\u00bb background_position=\u00bbtop_left\u00bb background_repeat=\u00bbrepeat\u00bb width=\u00bb100%\u00bb max_width=\u00bb90%\u00bb global_colors_info=\u00bb{}\u00bb][et_pb_column type=\u00bb4_4&#8243; _builder_version=\u00bb4.16&#8243; custom_padding=\u00bb|||\u00bb global_colors_info=\u00bb{}\u00bb custom_padding__hover=\u00bb|||\u00bb][et_pb_text _builder_version=\u00bb4.18.0&#8243; background_size=\u00bbinitial\u00bb background_position=\u00bbtop_left\u00bb background_repeat=\u00bbrepeat\u00bb global_colors_info=\u00bb{}\u00bb]<em>Probablemente en la escuela alguna vez estuchaste sobre el D\u00eda de la Raza o le dejaron a tu hijo alguna tarea relacionada con el mismo. Aqu\u00ed te contaremos m\u00e1s sobre qu\u00e9 es el Encuentro de Dos Mundos, un suceso hist\u00f3rico que cambi\u00f3 para siempre al continente americano.<\/em><\/p>\n<p>&nbsp;<\/p>\n<h4><strong>Los antecedentes<\/strong><\/h4>\n<p>En 1492 Crist\u00f3bal Col\u00f3n, un navegante de origen genov\u00e9s, parti\u00f3 de Espa\u00f1a con la bendici\u00f3n y apoyo de los reyes de dicha naci\u00f3n. Su objetivo era buscar una ruta para llegar a las Indias con mayor rapidez para hacer que el comercio fuese m\u00e1s r\u00e1pido y pr\u00f3spero.<\/p>\n<p>Con 90 hombres y 3 carabelas: La ni\u00f1a, La pinta y la Santa Mar\u00eda, la expedici\u00f3n de Crist\u00f3bal Col\u00f3n sufri\u00f3 de una gran cantidad de reveses. A punto de amotinarse, la tripulaci\u00f3n un d\u00eda divis\u00f3 tierra y all\u00ed fue cuando el 12 de octubre de 1492 Col\u00f3n tocar\u00eda tierra.<\/p>\n<p>&nbsp;<\/p>\n<p><img loading=\"lazy\" decoding=\"async\" class=\"wp-image-4319 alignnone \" style=\"display: block; margin-left: auto; margin-right: auto;\" src=\"https:\/\/solylunavitaplay.cl\/wp-content\/uploads\/2022\/10\/pexels-lan-yao-6773973.jpg\" alt=\"\" width=\"488\" height=\"325\" \/><\/p>\n<p>&nbsp;<\/p>\n<p>&nbsp;<\/p>\n<h4><strong>El \u201cEncuentro de Dos Mundos\u201d<\/strong><\/h4>\n<p>Tras bajar de su barca, Col\u00f3n crey\u00f3 que hab\u00eda llegado a las lejanas tierras de Asia, en espec\u00edfico, a la isla de Jap\u00f3n. Pero oh sorpresa, lo que no sab\u00eda es que en realidad hab\u00eda llegado a una isla de las Bahamas la cual, posteriormente, fue bautizada como San Salvador.<\/p>\n<p>As\u00ed fue como Crist\u00f3bal Col\u00f3n, de pronto y sin previo aviso, descubrir\u00eda el Nuevo Mundo, as\u00ed es, llegar\u00eda a Am\u00e9rica. Tras desembarcar, los nativos que poblaban dicha isla, intrigados por ese hombre blanco y sus acompa\u00f1antes barbados, salieron al encuentro del mismo.<\/p>\n<p>Sin saberlo, all\u00ed se dar\u00eda el Encuentro de Dos Mundos nombrado as\u00ed por el encuentro del viejo mundo, el continente europeo representado por Col\u00f3n, y el nuevo mundo, representado por los nativos americanos de la isla. A partir de ese encuentro, el 12 de octubre ser\u00eda nombrado como el D\u00eda de la Raza.<\/p>\n<p>&nbsp;<\/p>\n<h4><strong>\u00bfQu\u00e9 es el D\u00eda de la Raza?<\/strong><\/h4>\n<p>Para conmemorar el Encuentro de Dos Mundos, es decir, la llegada de Crist\u00f3bal Col\u00f3n al continente americano es que se cre\u00f3 el D\u00eda de la Raza. Este se celebrada cada a\u00f1o el d\u00eda en que se dio el desembarco del genov\u00e9s, el 12 de octubre.<\/p>\n<p>La raz\u00f3n por la cual recibe el nombre de D\u00eda de la Raza est\u00e1 en la implicaci\u00f3n futura que tuvo la llegada de personas de Europa, \u00c1frica y Asia a Am\u00e9rica pues esto desencaden\u00f3 un cruce de culturas y razas que dio origen al mestizaje que actualmente caracteriza a Am\u00e9rica.<br \/>\n[\/et_pb_text][et_pb_text _builder_version=\u00bb4.18.0&#8243; _module_preset=\u00bbdefault\u00bb global_colors_info=\u00bb{}\u00bb]\n<h4><\/h4>\n<h4><strong>La pol\u00e9mica detr\u00e1s del D\u00eda de la Raza<\/strong><\/h4>\n<p>En la actualidad existe gran pol\u00e9mica sobre la conmemoraci\u00f3n del D\u00eda de la Raza. Esto debido a que hay personas que consideran que esto no es adecuado por todo lo que deriv\u00f3 la llegada de Col\u00f3n como la conquista europea, muertes y destrucci\u00f3n cultural.<\/p>\n<p>Por otro lado, hay quienes sostienen que el D\u00eda de la Raza fue muy importante para el devenir hist\u00f3rico de Am\u00e9rica. Por ello es que en las escuelas se sigue conmemorando este d\u00eda al ser un suceso hist\u00f3rico con gran influencia en el desarrollo de Am\u00e9rica.<\/p>\n<p>&nbsp;<\/p>\n<h4><strong>\u00bfC\u00f3mo se conmemora el D\u00eda de la Raza?<\/strong><\/h4>\n<p>Actualmente, el D\u00eda de la Raza es conmemorado tanto por instituciones educativas y de investigaci\u00f3n como por organismos p\u00fablicos, organizaciones civiles, museos y gobiernos. Esto en el marco del 12 de octubre que es el d\u00eda designado para ello.<\/p>\n<p>Lo m\u00e1s com\u00fan para conmemora el D\u00eda de la Raza es realizar representaciones emulando dicho encuentro, lo cual suele realizarse en escuela. La publicaci\u00f3n de im\u00e1genes y contenido digital como publicaciones en redes sociales, as\u00ed como la creaci\u00f3n de peri\u00f3dicos murales son otras formas comunes de conmemorar el D\u00eda de la Raza.<br \/>\n[\/et_pb_text][\/et_pb_column][\/et_pb_row][\/et_pb_section]\n","protected":false},"excerpt":{"rendered":"<p>Aqu\u00ed te contaremos m\u00e1s sobre qu\u00e9 es el Encuentro de Dos Mundos, un suceso hist\u00f3rico que cambi\u00f3 para siempre al continente americano.<\/p>\n","protected":false},"author":8,"featured_media":1952,"comment_status":"closed","ping_status":"closed","sticky":false,"template":"","format":"standard","meta":{"_et_pb_use_builder":"on","_et_pb_old_content":"<p>[et_pb_section fb_built=\"1\" _builder_version=\"4.18.0\" max_width=\"100%\" global_colors_info=\"{}\"][et_pb_row _builder_version=\"4.18.0\" background_size=\"initial\" background_position=\"top_left\" background_repeat=\"repeat\" width=\"100%\" max_width=\"90%\" global_colors_info=\"{}\"][et_pb_column type=\"4_4\" _builder_version=\"4.16\" custom_padding=\"|||\" global_colors_info=\"{}\" custom_padding__hover=\"|||\"][et_pb_text _builder_version=\"4.18.0\" background_size=\"initial\" background_position=\"top_left\" background_repeat=\"repeat\" hover_enabled=\"0\" global_colors_info=\"{}\" sticky_enabled=\"0\"]<\/p><p><em>Probablemente en la escuela alguna vez estuchaste sobre el D\u00eda de la Raza o le dejaron a tu hijo alguna tarea relacionada con el mismo. Aqu\u00ed te contaremos m\u00e1s sobre qu\u00e9 es el Encuentro de Dos Mundos, un suceso hist\u00f3rico que cambi\u00f3 para siempre al continente americano.<\/em><\/p><p>\u00a0<\/p><h4><strong>Los antecedentes<\/strong><\/h4><p>En 1492 Crist\u00f3bal Col\u00f3n, un navegante de origen genov\u00e9s, parti\u00f3 de Espa\u00f1a con la bendici\u00f3n y apoyo de los reyes de dicha naci\u00f3n. Su objetivo era buscar una ruta para llegar a las Indias con mayor rapidez para hacer que el comercio fuese m\u00e1s r\u00e1pido y pr\u00f3spero.<\/p><p>Con 90 hombres y 3 carabelas: La ni\u00f1a, La pinta y la Santa Mar\u00eda, la expedici\u00f3n de Crist\u00f3bal Col\u00f3n sufri\u00f3 de una gran cantidad de reveses. A punto de amotinarse, la tripulaci\u00f3n un d\u00eda divis\u00f3 tierra y all\u00ed fue cuando el 12 de octubre de 1492 Col\u00f3n tocar\u00eda tierra.<\/p><p>\u00a0<\/p><p><img class=\"wp-image-4319 alignnone \" style=\"display: block; margin-left: auto; margin-right: auto;\" src=\"http:\/\/solylunavitaplay.cl\/wp-content\/uploads\/2022\/10\/pexels-lan-yao-6773973.jpg\" alt=\"\" width=\"488\" height=\"325\" \/><\/p><p>\u00a0<\/p><p>\u00a0<\/p><h4><strong>El \u201cEncuentro de Dos Mundos\u201d<\/strong><\/h4><p>Tras bajar de su barca, Col\u00f3n crey\u00f3 que hab\u00eda llegado a las lejanas tierras de Asia, en espec\u00edfico, a la isla de Jap\u00f3n. Pero oh sorpresa, lo que no sab\u00eda es que en realidad hab\u00eda llegado a una isla de las Bahamas la cual, posteriormente, fue bautizada como San Salvador.<\/p><p>As\u00ed fue como Crist\u00f3bal Col\u00f3n, de pronto y sin previo aviso, descubrir\u00eda el Nuevo Mundo, as\u00ed es, llegar\u00eda a Am\u00e9rica. Tras desembarcar, los nativos que poblaban dicha isla, intrigados por ese hombre blanco y sus acompa\u00f1antes barbados, salieron al encuentro del mismo.<\/p><p>Sin saberlo, all\u00ed se dar\u00eda el Encuentro de Dos Mundos nombrado as\u00ed por el encuentro del viejo mundo, el continente europeo representado por Col\u00f3n, y el nuevo mundo, representado por los nativos americanos de la isla. A partir de ese encuentro, el 12 de octubre ser\u00eda nombrado como el D\u00eda de la Raza.<\/p><p>\u00a0<\/p><h4><strong>\u00bfQu\u00e9 es el D\u00eda de la Raza?<\/strong><\/h4><p>Para conmemorar el Encuentro de Dos Mundos, es decir, la llegada de Crist\u00f3bal Col\u00f3n al continente americano es que se cre\u00f3 el D\u00eda de la Raza. Este se celebrada cada a\u00f1o el d\u00eda en que se dio el desembarco del genov\u00e9s, el 12 de octubre.<\/p><p>La raz\u00f3n por la cual recibe el nombre de D\u00eda de la Raza est\u00e1 en la implicaci\u00f3n futura que tuvo la llegada de personas de Europa, \u00c1frica y Asia a Am\u00e9rica pues esto desencaden\u00f3 un cruce de culturas y razas que dio origen al mestizaje que actualmente caracteriza a Am\u00e9rica.<\/p><p>[\/et_pb_text][et_pb_text _builder_version=\"4.18.0\" _module_preset=\"default\" hover_enabled=\"0\" global_colors_info=\"{}\" sticky_enabled=\"0\"]<\/p><h4>\u00a0<\/h4><h4><strong>La pol\u00e9mica detr\u00e1s del D\u00eda de la Raza<\/strong><\/h4><p>En la actualidad existe gran pol\u00e9mica sobre la conmemoraci\u00f3n del D\u00eda de la Raza. Esto debido a que hay personas que consideran que esto no es adecuado por todo lo que deriv\u00f3 la llegada de Col\u00f3n como la conquista europea, muertes y destrucci\u00f3n cultural.<\/p><p>Por otro lado, hay quienes sostienen que el D\u00eda de la Raza fue muy importante para el devenir hist\u00f3rico de Am\u00e9rica. Por ello es que en las escuelas se sigue conmemorando este d\u00eda al ser un suceso hist\u00f3rico con gran influencia en el desarrollo de Am\u00e9rica.<\/p><p>\u00a0<\/p><h4><strong>\u00bfC\u00f3mo se conmemora el D\u00eda de la Raza?<\/strong><\/h4><p>Actualmente, el D\u00eda de la Raza es conmemorado tanto por instituciones educativas y de investigaci\u00f3n como por organismos p\u00fablicos, organizaciones civiles, museos y gobiernos. Esto en el marco del 12 de octubre que es el d\u00eda designado para ello.<\/p><p>Lo m\u00e1s com\u00fan para conmemora el D\u00eda de la Raza es realizar representaciones emulando dicho encuentro, lo cual suele realizarse en escuela. La publicaci\u00f3n de im\u00e1genes y contenido digital como publicaciones en redes sociales, as\u00ed como la creaci\u00f3n de peri\u00f3dicos murales son otras formas comunes de conmemorar el D\u00eda de la Raza.<\/p><p>[\/et_pb_text][\/et_pb_column][\/et_pb_row][\/et_pb_section]<\/p>","_et_gb_content_width":"","footnotes":""},"categories":[17],"tags":[],"class_list":["post-1953","post","type-post","status-publish","format-standard","has-post-thumbnail","hentry","category-noticias"],"yoast_head":"<!-- This site is optimized with the Yoast SEO plugin v26.0 - https:\/\/yoast.com\/wordpress\/plugins\/seo\/ -->\n<title>\u00bfQu\u00e9 es el &quot;Encuentro de Dos Mundos&quot;? - Escuela Sol y Luna<\/title>\n<meta name=\"description\" content=\"Aqu\u00ed te contaremos m\u00e1s sobre qu\u00e9 es el Encuentro de Dos Mundos, un suceso hist\u00f3rico que cambi\u00f3 para siempre al continente americano.\" \/>\n<meta name=\"robots\" content=\"index, follow, max-snippet:-1, max-image-preview:large, max-video-preview:-1\" \/>\n<link rel=\"canonical\" href=\"https:\/\/solylunavitaplay.cl\/?p=1953\" \/>\n<meta property=\"og:locale\" content=\"es_ES\" \/>\n<meta property=\"og:type\" content=\"article\" \/>\n<meta property=\"og:title\" content=\"\u00bfQu\u00e9 es el &quot;Encuentro de Dos Mundos&quot;? - Escuela Sol y Luna\" \/>\n<meta property=\"og:description\" content=\"Aqu\u00ed te contaremos m\u00e1s sobre qu\u00e9 es el Encuentro de Dos Mundos, un suceso hist\u00f3rico que cambi\u00f3 para siempre al continente americano.\" \/>\n<meta property=\"og:url\" content=\"https:\/\/solylunavitaplay.cl\/?p=1953\" \/>\n<meta property=\"og:site_name\" content=\"Escuela Sol y Luna\" \/>\n<meta property=\"article:published_time\" content=\"2022-10-01T17:32:07+00:00\" \/>\n<meta property=\"article:modified_time\" content=\"2022-10-11T21:01:26+00:00\" \/>\n<meta property=\"og:image\" content=\"https:\/\/solylunavitaplay.cl\/wp-content\/uploads\/2022\/10\/pexels-lan-yao-6773973-scaled.jpg\" \/>\n\t<meta property=\"og:image:width\" content=\"2560\" \/>\n\t<meta property=\"og:image:height\" content=\"1707\" \/>\n\t<meta property=\"og:image:type\" content=\"image\/jpeg\" \/>\n<meta name=\"author\" content=\"Eduardo Reyes\" \/>\n<meta name=\"twitter:card\" content=\"summary_large_image\" \/>\n<meta name=\"twitter:label1\" content=\"Escrito por\" \/>\n\t<meta name=\"twitter:data1\" content=\"Eduardo Reyes\" \/>\n\t<meta name=\"twitter:label2\" content=\"Tiempo de lectura\" \/>\n\t<meta name=\"twitter:data2\" content=\"4 minutos\" \/>\n<script type=\"application\/ld+json\" class=\"yoast-schema-graph\">{\"@context\":\"https:\/\/schema.org\",\"@graph\":[{\"@type\":\"WebPage\",\"@id\":\"https:\/\/solylunavitaplay.cl\/?p=1953\",\"url\":\"https:\/\/solylunavitaplay.cl\/?p=1953\",\"name\":\"\u00bfQu\u00e9 es el \\\"Encuentro de Dos Mundos\\\"? - Escuela Sol y Luna\",\"isPartOf\":{\"@id\":\"https:\/\/solylunavitaplay.cl\/#website\"},\"primaryImageOfPage\":{\"@id\":\"https:\/\/solylunavitaplay.cl\/?p=1953#primaryimage\"},\"image\":{\"@id\":\"https:\/\/solylunavitaplay.cl\/?p=1953#primaryimage\"},\"thumbnailUrl\":\"https:\/\/solylunavitaplay.cl\/wp-content\/uploads\/2022\/10\/pexels-lan-yao-6773973-scaled.jpg\",\"datePublished\":\"2022-10-01T17:32:07+00:00\",\"dateModified\":\"2022-10-11T21:01:26+00:00\",\"author\":{\"@id\":\"https:\/\/solylunavitaplay.cl\/#\/schema\/person\/26970d064594c59558213d497d6923d2\"},\"description\":\"Aqu\u00ed te contaremos m\u00e1s sobre qu\u00e9 es el Encuentro de Dos Mundos, un suceso hist\u00f3rico que cambi\u00f3 para siempre al continente americano.\",\"breadcrumb\":{\"@id\":\"https:\/\/solylunavitaplay.cl\/?p=1953#breadcrumb\"},\"inLanguage\":\"es\",\"potentialAction\":[{\"@type\":\"ReadAction\",\"target\":[\"https:\/\/solylunavitaplay.cl\/?p=1953\"]}]},{\"@type\":\"ImageObject\",\"inLanguage\":\"es\",\"@id\":\"https:\/\/solylunavitaplay.cl\/?p=1953#primaryimage\",\"url\":\"https:\/\/solylunavitaplay.cl\/wp-content\/uploads\/2022\/10\/pexels-lan-yao-6773973-scaled.jpg\",\"contentUrl\":\"https:\/\/solylunavitaplay.cl\/wp-content\/uploads\/2022\/10\/pexels-lan-yao-6773973-scaled.jpg\",\"width\":2560,\"height\":1707},{\"@type\":\"BreadcrumbList\",\"@id\":\"https:\/\/solylunavitaplay.cl\/?p=1953#breadcrumb\",\"itemListElement\":[{\"@type\":\"ListItem\",\"position\":1,\"name\":\"Portada\",\"item\":\"https:\/\/solylunavitaplay.cl\/\"},{\"@type\":\"ListItem\",\"position\":2,\"name\":\"\u00bfQu\u00e9 es el \u00abEncuentro de Dos Mundos\u00bb?\"}]},{\"@type\":\"WebSite\",\"@id\":\"https:\/\/solylunavitaplay.cl\/#website\",\"url\":\"https:\/\/solylunavitaplay.cl\/\",\"name\":\"Escuela Sol y Luna\",\"description\":\"Un mundo de aventuras\",\"potentialAction\":[{\"@type\":\"SearchAction\",\"target\":{\"@type\":\"EntryPoint\",\"urlTemplate\":\"https:\/\/solylunavitaplay.cl\/?s={search_term_string}\"},\"query-input\":{\"@type\":\"PropertyValueSpecification\",\"valueRequired\":true,\"valueName\":\"search_term_string\"}}],\"inLanguage\":\"es\"},{\"@type\":\"Person\",\"@id\":\"https:\/\/solylunavitaplay.cl\/#\/schema\/person\/26970d064594c59558213d497d6923d2\",\"name\":\"Eduardo Reyes\",\"image\":{\"@type\":\"ImageObject\",\"inLanguage\":\"es\",\"@id\":\"https:\/\/solylunavitaplay.cl\/#\/schema\/person\/image\/\",\"url\":\"https:\/\/secure.gravatar.com\/avatar\/ae493060ae9ee52ea5e3e7e2694139a6b6cffd0bff35bdb763226d8751cc14fd?s=96&d=mm&r=g\",\"contentUrl\":\"https:\/\/secure.gravatar.com\/avatar\/ae493060ae9ee52ea5e3e7e2694139a6b6cffd0bff35bdb763226d8751cc14fd?s=96&d=mm&r=g\",\"caption\":\"Eduardo Reyes\"},\"url\":\"https:\/\/solylunavitaplay.cl\/?author=8\"}]}<\/script>\n<!-- \/ Yoast SEO plugin. -->","yoast_head_json":{"title":"\u00bfQu\u00e9 es el \"Encuentro de Dos Mundos\"? - Escuela Sol y Luna","description":"Aqu\u00ed te contaremos m\u00e1s sobre qu\u00e9 es el Encuentro de Dos Mundos, un suceso hist\u00f3rico que cambi\u00f3 para siempre al continente americano.","robots":{"index":"index","follow":"follow","max-snippet":"max-snippet:-1","max-image-preview":"max-image-preview:large","max-video-preview":"max-video-preview:-1"},"canonical":"https:\/\/solylunavitaplay.cl\/?p=1953","og_locale":"es_ES","og_type":"article","og_title":"\u00bfQu\u00e9 es el \"Encuentro de Dos Mundos\"? - Escuela Sol y Luna","og_description":"Aqu\u00ed te contaremos m\u00e1s sobre qu\u00e9 es el Encuentro de Dos Mundos, un suceso hist\u00f3rico que cambi\u00f3 para siempre al continente americano.","og_url":"https:\/\/solylunavitaplay.cl\/?p=1953","og_site_name":"Escuela Sol y Luna","article_published_time":"2022-10-01T17:32:07+00:00","article_modified_time":"2022-10-11T21:01:26+00:00","og_image":[{"width":2560,"height":1707,"url":"https:\/\/solylunavitaplay.cl\/wp-content\/uploads\/2022\/10\/pexels-lan-yao-6773973-scaled.jpg","type":"image\/jpeg"}],"author":"Eduardo Reyes","twitter_card":"summary_large_image","twitter_misc":{"Escrito por":"Eduardo Reyes","Tiempo de lectura":"4 minutos"},"schema":{"@context":"https:\/\/schema.org","@graph":[{"@type":"WebPage","@id":"https:\/\/solylunavitaplay.cl\/?p=1953","url":"https:\/\/solylunavitaplay.cl\/?p=1953","name":"\u00bfQu\u00e9 es el \"Encuentro de Dos Mundos\"? - Escuela Sol y Luna","isPartOf":{"@id":"https:\/\/solylunavitaplay.cl\/#website"},"primaryImageOfPage":{"@id":"https:\/\/solylunavitaplay.cl\/?p=1953#primaryimage"},"image":{"@id":"https:\/\/solylunavitaplay.cl\/?p=1953#primaryimage"},"thumbnailUrl":"https:\/\/solylunavitaplay.cl\/wp-content\/uploads\/2022\/10\/pexels-lan-yao-6773973-scaled.jpg","datePublished":"2022-10-01T17:32:07+00:00","dateModified":"2022-10-11T21:01:26+00:00","author":{"@id":"https:\/\/solylunavitaplay.cl\/#\/schema\/person\/26970d064594c59558213d497d6923d2"},"description":"Aqu\u00ed te contaremos m\u00e1s sobre qu\u00e9 es el Encuentro de Dos Mundos, un suceso hist\u00f3rico que cambi\u00f3 para siempre al continente americano.","breadcrumb":{"@id":"https:\/\/solylunavitaplay.cl\/?p=1953#breadcrumb"},"inLanguage":"es","potentialAction":[{"@type":"ReadAction","target":["https:\/\/solylunavitaplay.cl\/?p=1953"]}]},{"@type":"ImageObject","inLanguage":"es","@id":"https:\/\/solylunavitaplay.cl\/?p=1953#primaryimage","url":"https:\/\/solylunavitaplay.cl\/wp-content\/uploads\/2022\/10\/pexels-lan-yao-6773973-scaled.jpg","contentUrl":"https:\/\/solylunavitaplay.cl\/wp-content\/uploads\/2022\/10\/pexels-lan-yao-6773973-scaled.jpg","width":2560,"height":1707},{"@type":"BreadcrumbList","@id":"https:\/\/solylunavitaplay.cl\/?p=1953#breadcrumb","itemListElement":[{"@type":"ListItem","position":1,"name":"Portada","item":"https:\/\/solylunavitaplay.cl\/"},{"@type":"ListItem","position":2,"name":"\u00bfQu\u00e9 es el \u00abEncuentro de Dos Mundos\u00bb?"}]},{"@type":"WebSite","@id":"https:\/\/solylunavitaplay.cl\/#website","url":"https:\/\/solylunavitaplay.cl\/","name":"Escuela Sol y Luna","description":"Un mundo de aventuras","potentialAction":[{"@type":"SearchAction","target":{"@type":"EntryPoint","urlTemplate":"https:\/\/solylunavitaplay.cl\/?s={search_term_string}"},"query-input":{"@type":"PropertyValueSpecification","valueRequired":true,"valueName":"search_term_string"}}],"inLanguage":"es"},{"@type":"Person","@id":"https:\/\/solylunavitaplay.cl\/#\/schema\/person\/26970d064594c59558213d497d6923d2","name":"Eduardo Reyes","image":{"@type":"ImageObject","inLanguage":"es","@id":"https:\/\/solylunavitaplay.cl\/#\/schema\/person\/image\/","url":"https:\/\/secure.gravatar.com\/avatar\/ae493060ae9ee52ea5e3e7e2694139a6b6cffd0bff35bdb763226d8751cc14fd?s=96&d=mm&r=g","contentUrl":"https:\/\/secure.gravatar.com\/avatar\/ae493060ae9ee52ea5e3e7e2694139a6b6cffd0bff35bdb763226d8751cc14fd?s=96&d=mm&r=g","caption":"Eduardo Reyes"},"url":"https:\/\/solylunavitaplay.cl\/?author=8"}]}},"_links":{"self":[{"href":"https:\/\/solylunavitaplay.cl\/index.php?rest_route=\/wp\/v2\/posts\/1953","targetHints":{"allow":["GET"]}}],"collection":[{"href":"https:\/\/solylunavitaplay.cl\/index.php?rest_route=\/wp\/v2\/posts"}],"about":[{"href":"https:\/\/solylunavitaplay.cl\/index.php?rest_route=\/wp\/v2\/types\/post"}],"author":[{"embeddable":true,"href":"https:\/\/solylunavitaplay.cl\/index.php?rest_route=\/wp\/v2\/users\/8"}],"replies":[{"embeddable":true,"href":"https:\/\/solylunavitaplay.cl\/index.php?rest_route=%2Fwp%2Fv2%2Fcomments&post=1953"}],"version-history":[{"count":3,"href":"https:\/\/solylunavitaplay.cl\/index.php?rest_route=\/wp\/v2\/posts\/1953\/revisions"}],"predecessor-version":[{"id":1956,"href":"https:\/\/solylunavitaplay.cl\/index.php?rest_route=\/wp\/v2\/posts\/1953\/revisions\/1956"}],"wp:featuredmedia":[{"embeddable":true,"href":"https:\/\/solylunavitaplay.cl\/index.php?rest_route=\/wp\/v2\/media\/1952"}],"wp:attachment":[{"href":"https:\/\/solylunavitaplay.cl\/index.php?rest_route=%2Fwp%2Fv2%2Fmedia&parent=1953"}],"wp:term":[{"taxonomy":"category","embeddable":true,"href":"https:\/\/solylunavitaplay.cl\/index.php?rest_route=%2Fwp%2Fv2%2Fcategories&post=1953"},{"taxonomy":"post_tag","embeddable":true,"href":"https:\/\/solylunavitaplay.cl\/index.php?rest_route=%2Fwp%2Fv2%2Ftags&post=1953"}],"curies":[{"name":"wp","href":"https:\/\/api.w.org\/{rel}","templated":true}]}}