{"id":1725,"date":"2021-04-28T01:46:05","date_gmt":"2021-04-28T01:46:05","guid":{"rendered":"https:\/\/solylunavitaplay.cl\/?p=1725"},"modified":"2021-04-02T01:53:54","modified_gmt":"2021-04-02T01:53:54","slug":"calendario-escolar-y-unidad-tematica-para-mayo-2021","status":"publish","type":"post","link":"https:\/\/solylunavitaplay.cl\/?p=1725","title":{"rendered":"Calendario escolar y unidad tem\u00e1tica para mayo 2021"},"content":{"rendered":"[et_pb_section fb_built=\u00bb1&#8243; _builder_version=\u00bb4.7.4&#8243; _module_preset=\u00bbdefault\u00bb][et_pb_row _builder_version=\u00bb4.7.4&#8243; _module_preset=\u00bbdefault\u00bb][et_pb_column type=\u00bb4_4&#8243; _builder_version=\u00bb4.7.4&#8243; _module_preset=\u00bbdefault\u00bb][et_pb_text admin_label=\u00bbIntroducci\u00f3n\u00bb _builder_version=\u00bb4.9.2&#8243; _module_preset=\u00bbdefault\u00bb]\n<p>Planificaci\u00f3n de temas y valores para el mes de mayo 2021 y efem\u00e9rides del mes.<\/p>\n<p>&nbsp;<\/p>\n<p>Unidad tem\u00e1tica del mes de marzo: <strong>Vamos a navegar.<\/strong><\/p>\n<p>Valor del mes: <strong>Inclusi\u00f3n.<\/strong><\/p>\n<p>&nbsp;<\/p>\n[\/et_pb_text][et_pb_image src=\u00bbhttps:\/\/solylunavitaplay.cl\/wp-content\/uploads\/2021\/04\/Dia-de-la-madre.jpg\u00bb alt=\u00bbD\u00eda de la madre\u00bb title_text=\u00bbD\u00eda de la madre\u00bb align=\u00bbcenter\u00bb _builder_version=\u00bb4.9.2&#8243; _module_preset=\u00bbdefault\u00bb][\/et_pb_image][et_pb_text _builder_version=\u00bb4.9.2&#8243; _module_preset=\u00bbdefault\u00bb]\n<p style=\"text-align: center;\">Fotograf\u00eda: <a href=\"https:\/\/www.pexels.com\/@giftpundits-com-551816\">Giftpundits.com<\/a><\/p>\n<h4>\u00a0<\/h4>\n<h4>Mayo 2021<\/h4>\n<table style=\"border-collapse: collapse; width: 74.1784%; height: 263px;\" border=\"1\">\n<tbody>\n<tr style=\"height: 23px;\">\n<td style=\"width: 11.4274%; text-align: center; height: 23px;\"><strong>D\u00eda<\/strong><\/td>\n<td style=\"width: 62.7509%; height: 23px; text-align: center;\"><strong>Evento<\/strong><\/td>\n<\/tr>\n<tr style=\"height: 23px;\">\n<td style=\"width: 11.4274%; text-align: center; height: 23px;\"><strong>01<\/strong><\/td>\n<td style=\"width: 62.7509%; height: 23px;\"><strong>D\u00eda del Trabajo.<\/strong><\/td>\n<\/tr>\n<tr style=\"height: 23px;\">\n<td style=\"width: 11.4274%; text-align: center; height: 23px;\"><strong>03<\/strong><\/td>\n<td style=\"width: 62.7509%; height: 23px;\"><strong>Simulacro de sismo.<\/strong><\/td>\n<\/tr>\n<tr style=\"height: 23px;\">\n<td style=\"width: 11.4274%; text-align: center; height: 23px;\"><strong>07<\/strong><\/td>\n<td style=\"width: 62.7509%; height: 23px;\"><strong>D\u00eda de la Madre.<\/strong><\/td>\n<\/tr>\n<tr style=\"height: 23px;\">\n<td style=\"width: 11.4274%; text-align: center; height: 10px;\"><strong>11<\/strong><\/td>\n<td style=\"width: 62.7509%; height: 10px;\"><strong>D\u00eda del Estudiante.<\/strong><\/td>\n<\/tr>\n<tr style=\"height: 23px;\">\n<td style=\"width: 11.4274%; text-align: center; height: 23px;\"><strong>11 al 15<\/strong><\/td>\n<td style=\"width: 62.7509%; height: 23px;\"><strong>Semana de Educaci\u00f3n Art\u00edstica.<\/strong><\/td>\n<\/tr>\n<tr style=\"height: 23px;\">\n<td style=\"width: 11.4274%; text-align: center; height: 23px;\"><strong>10 al 14<\/strong><\/td>\n<td style=\"width: 62.7509%; height: 23px;\"><strong>Evaluaciones 1er Trimestre.<\/strong><\/td>\n<\/tr>\n<tr style=\"height: 23px;\">\n<td style=\"width: 11.4274%; text-align: center; height: 23px;\"><strong>14<\/strong><\/td>\n<td style=\"width: 62.7509%; height: 23px;\"><strong>D\u00eda de la Familia.<\/strong><\/td>\n<\/tr>\n<tr style=\"height: 23px;\">\n<td style=\"width: 11.4274%; text-align: center; height: 23px;\"><strong>17<\/strong><\/td>\n<td style=\"width: 62.7509%; height: 23px;\">\n<p><strong>D\u00eda Internacional Contra la Discriminaci\u00f3n por la Orientaci\u00f3n Sexual e Identidad de G\u00e9nero.<\/strong><\/p>\n<p><strong>1er Taller Pedag\u00f3gico + Fono.<\/strong><\/p>\n<p><strong>Evaluaciones trimestrales.<\/strong><\/p>\n<\/td>\n<\/tr>\n<tr style=\"height: 23px;\">\n<td style=\"width: 11.4274%; text-align: center; height: 23px;\"><strong>21<\/strong><\/td>\n<td style=\"width: 62.7509%; height: 23px;\"><strong>Glorias Navales.<\/strong><\/td>\n<\/tr>\n<tr style=\"height: 23px;\">\n<td style=\"width: 11.4274%; text-align: center; height: 23px;\"><strong>24 al 28<\/strong><\/td>\n<td style=\"width: 62.7509%; height: 23px;\"><strong>Semana de la Seguridad Escolar.<\/strong><\/td>\n<\/tr>\n<tr style=\"height: 23px;\">\n<td style=\"width: 11.4274%; text-align: center; height: 23px;\"><strong>27<\/strong><\/td>\n<td style=\"width: 62.7509%; height: 23px;\"><strong>Reuni\u00f3n de apoderados.<\/strong><\/td>\n<\/tr>\n<tr>\n<td style=\"width: 11.4274%; text-align: center;\"><strong>28<\/strong><\/td>\n<td style=\"width: 62.7509%;\"><strong>D\u00eda del Juego en Educaci\u00f3n Parvularia.<\/strong><\/td>\n<\/tr>\n<tr>\n<td style=\"width: 11.4274%; text-align: center;\"><strong>29<\/strong><\/td>\n<td style=\"width: 62.7509%;\"><strong>D\u00eda del Patrimonio Cultural de Chile.<\/strong><\/td>\n<\/tr>\n<tr>\n<td style=\"width: 11.4274%; text-align: center;\"><strong>31<\/strong><\/td>\n<td style=\"width: 62.7509%;\"><strong>3er Simulacro de Sismo.<\/strong><\/td>\n<\/tr>\n<\/tbody>\n<\/table>\n<p>&nbsp;<\/p>\n[\/et_pb_text][\/et_pb_column][\/et_pb_row][\/et_pb_section]\n","protected":false},"excerpt":{"rendered":"<p>Calendario escolar para el mes de mayo de 2021. Unidad Tem\u00e1tica: Vamos a navegar. Valor del mes: Inclusi\u00f3n.<\/p>\n","protected":false},"author":3,"featured_media":1728,"comment_status":"closed","ping_status":"closed","sticky":false,"template":"","format":"standard","meta":{"_et_pb_use_builder":"on","_et_pb_old_content":"","_et_gb_content_width":"","footnotes":""},"categories":[1],"tags":[37,38,40,39,41],"class_list":["post-1725","post","type-post","status-publish","format-standard","has-post-thumbnail","hentry","category-uncategorized","tag-calendario-escolar","tag-efemerides","tag-mineduc","tag-unidad-tematica","tag-valores"],"yoast_head":"<!-- This site is optimized with the Yoast SEO plugin v26.0 - https:\/\/yoast.com\/wordpress\/plugins\/seo\/ -->\n<title>Calendario escolar y unidad tem\u00e1tica para mayo 2021 - Escuela Sol y Luna<\/title>\n<meta name=\"description\" content=\"Calendario escolar para el mes de mayo de 2021. Unidad Tem\u00e1tica: Vamos a navegar. Valor del mes: Inclusi\u00f3n.\" \/>\n<meta name=\"robots\" content=\"index, follow, max-snippet:-1, max-image-preview:large, max-video-preview:-1\" \/>\n<link rel=\"canonical\" href=\"https:\/\/solylunavitaplay.cl\/?p=1725\" \/>\n<meta property=\"og:locale\" content=\"es_ES\" \/>\n<meta property=\"og:type\" content=\"article\" \/>\n<meta property=\"og:title\" content=\"Calendario escolar y unidad tem\u00e1tica para mayo 2021 - Escuela Sol y Luna\" \/>\n<meta property=\"og:description\" content=\"Calendario escolar para el mes de mayo de 2021. Unidad Tem\u00e1tica: Vamos a navegar. Valor del mes: Inclusi\u00f3n.\" \/>\n<meta property=\"og:url\" content=\"https:\/\/solylunavitaplay.cl\/?p=1725\" \/>\n<meta property=\"og:site_name\" content=\"Escuela Sol y Luna\" \/>\n<meta property=\"article:published_time\" content=\"2021-04-28T01:46:05+00:00\" \/>\n<meta property=\"og:image\" content=\"https:\/\/solylunavitaplay.cl\/wp-content\/uploads\/2021\/04\/Dia-de-la-madre.jpg\" \/>\n\t<meta property=\"og:image:width\" content=\"600\" \/>\n\t<meta property=\"og:image:height\" content=\"393\" \/>\n\t<meta property=\"og:image:type\" content=\"image\/jpeg\" \/>\n<meta name=\"author\" content=\"Rodrigo Ortiz\" \/>\n<meta name=\"twitter:card\" content=\"summary_large_image\" \/>\n<meta name=\"twitter:label1\" content=\"Escrito por\" \/>\n\t<meta name=\"twitter:data1\" content=\"Rodrigo Ortiz\" \/>\n\t<meta name=\"twitter:label2\" content=\"Tiempo de lectura\" \/>\n\t<meta name=\"twitter:data2\" content=\"1 minuto\" \/>\n<script type=\"application\/ld+json\" class=\"yoast-schema-graph\">{\"@context\":\"https:\/\/schema.org\",\"@graph\":[{\"@type\":\"WebPage\",\"@id\":\"https:\/\/solylunavitaplay.cl\/?p=1725\",\"url\":\"https:\/\/solylunavitaplay.cl\/?p=1725\",\"name\":\"Calendario escolar y unidad tem\u00e1tica para mayo 2021 - Escuela Sol y Luna\",\"isPartOf\":{\"@id\":\"https:\/\/solylunavitaplay.cl\/#website\"},\"primaryImageOfPage\":{\"@id\":\"https:\/\/solylunavitaplay.cl\/?p=1725#primaryimage\"},\"image\":{\"@id\":\"https:\/\/solylunavitaplay.cl\/?p=1725#primaryimage\"},\"thumbnailUrl\":\"https:\/\/solylunavitaplay.cl\/wp-content\/uploads\/2021\/04\/Dia-de-la-madre.jpg\",\"datePublished\":\"2021-04-28T01:46:05+00:00\",\"author\":{\"@id\":\"https:\/\/solylunavitaplay.cl\/#\/schema\/person\/cb4a6a52084ffc17c3fac650db9c99b6\"},\"description\":\"Calendario escolar para el mes de mayo de 2021. Unidad Tem\u00e1tica: Vamos a navegar. Valor del mes: Inclusi\u00f3n.\",\"breadcrumb\":{\"@id\":\"https:\/\/solylunavitaplay.cl\/?p=1725#breadcrumb\"},\"inLanguage\":\"es\",\"potentialAction\":[{\"@type\":\"ReadAction\",\"target\":[\"https:\/\/solylunavitaplay.cl\/?p=1725\"]}]},{\"@type\":\"ImageObject\",\"inLanguage\":\"es\",\"@id\":\"https:\/\/solylunavitaplay.cl\/?p=1725#primaryimage\",\"url\":\"https:\/\/solylunavitaplay.cl\/wp-content\/uploads\/2021\/04\/Dia-de-la-madre.jpg\",\"contentUrl\":\"https:\/\/solylunavitaplay.cl\/wp-content\/uploads\/2021\/04\/Dia-de-la-madre.jpg\",\"width\":600,\"height\":393,\"caption\":\"Dia-de-la-madre\"},{\"@type\":\"BreadcrumbList\",\"@id\":\"https:\/\/solylunavitaplay.cl\/?p=1725#breadcrumb\",\"itemListElement\":[{\"@type\":\"ListItem\",\"position\":1,\"name\":\"Portada\",\"item\":\"https:\/\/solylunavitaplay.cl\/\"},{\"@type\":\"ListItem\",\"position\":2,\"name\":\"Calendario escolar y unidad tem\u00e1tica para mayo 2021\"}]},{\"@type\":\"WebSite\",\"@id\":\"https:\/\/solylunavitaplay.cl\/#website\",\"url\":\"https:\/\/solylunavitaplay.cl\/\",\"name\":\"Escuela Sol y Luna\",\"description\":\"Un mundo de aventuras\",\"potentialAction\":[{\"@type\":\"SearchAction\",\"target\":{\"@type\":\"EntryPoint\",\"urlTemplate\":\"https:\/\/solylunavitaplay.cl\/?s={search_term_string}\"},\"query-input\":{\"@type\":\"PropertyValueSpecification\",\"valueRequired\":true,\"valueName\":\"search_term_string\"}}],\"inLanguage\":\"es\"},{\"@type\":\"Person\",\"@id\":\"https:\/\/solylunavitaplay.cl\/#\/schema\/person\/cb4a6a52084ffc17c3fac650db9c99b6\",\"name\":\"Rodrigo Ortiz\",\"image\":{\"@type\":\"ImageObject\",\"inLanguage\":\"es\",\"@id\":\"https:\/\/solylunavitaplay.cl\/#\/schema\/person\/image\/\",\"url\":\"https:\/\/secure.gravatar.com\/avatar\/bfc5cf7843755c53c0fd4e743123540ff9744ba512290837547ee946e22abe83?s=96&d=mm&r=g\",\"contentUrl\":\"https:\/\/secure.gravatar.com\/avatar\/bfc5cf7843755c53c0fd4e743123540ff9744ba512290837547ee946e22abe83?s=96&d=mm&r=g\",\"caption\":\"Rodrigo Ortiz\"},\"url\":\"https:\/\/solylunavitaplay.cl\/?author=3\"}]}<\/script>\n<!-- \/ Yoast SEO plugin. -->","yoast_head_json":{"title":"Calendario escolar y unidad tem\u00e1tica para mayo 2021 - Escuela Sol y Luna","description":"Calendario escolar para el mes de mayo de 2021. Unidad Tem\u00e1tica: Vamos a navegar. Valor del mes: Inclusi\u00f3n.","robots":{"index":"index","follow":"follow","max-snippet":"max-snippet:-1","max-image-preview":"max-image-preview:large","max-video-preview":"max-video-preview:-1"},"canonical":"https:\/\/solylunavitaplay.cl\/?p=1725","og_locale":"es_ES","og_type":"article","og_title":"Calendario escolar y unidad tem\u00e1tica para mayo 2021 - Escuela Sol y Luna","og_description":"Calendario escolar para el mes de mayo de 2021. Unidad Tem\u00e1tica: Vamos a navegar. Valor del mes: Inclusi\u00f3n.","og_url":"https:\/\/solylunavitaplay.cl\/?p=1725","og_site_name":"Escuela Sol y Luna","article_published_time":"2021-04-28T01:46:05+00:00","og_image":[{"width":600,"height":393,"url":"https:\/\/solylunavitaplay.cl\/wp-content\/uploads\/2021\/04\/Dia-de-la-madre.jpg","type":"image\/jpeg"}],"author":"Rodrigo Ortiz","twitter_card":"summary_large_image","twitter_misc":{"Escrito por":"Rodrigo Ortiz","Tiempo de lectura":"1 minuto"},"schema":{"@context":"https:\/\/schema.org","@graph":[{"@type":"WebPage","@id":"https:\/\/solylunavitaplay.cl\/?p=1725","url":"https:\/\/solylunavitaplay.cl\/?p=1725","name":"Calendario escolar y unidad tem\u00e1tica para mayo 2021 - Escuela Sol y Luna","isPartOf":{"@id":"https:\/\/solylunavitaplay.cl\/#website"},"primaryImageOfPage":{"@id":"https:\/\/solylunavitaplay.cl\/?p=1725#primaryimage"},"image":{"@id":"https:\/\/solylunavitaplay.cl\/?p=1725#primaryimage"},"thumbnailUrl":"https:\/\/solylunavitaplay.cl\/wp-content\/uploads\/2021\/04\/Dia-de-la-madre.jpg","datePublished":"2021-04-28T01:46:05+00:00","author":{"@id":"https:\/\/solylunavitaplay.cl\/#\/schema\/person\/cb4a6a52084ffc17c3fac650db9c99b6"},"description":"Calendario escolar para el mes de mayo de 2021. Unidad Tem\u00e1tica: Vamos a navegar. Valor del mes: Inclusi\u00f3n.","breadcrumb":{"@id":"https:\/\/solylunavitaplay.cl\/?p=1725#breadcrumb"},"inLanguage":"es","potentialAction":[{"@type":"ReadAction","target":["https:\/\/solylunavitaplay.cl\/?p=1725"]}]},{"@type":"ImageObject","inLanguage":"es","@id":"https:\/\/solylunavitaplay.cl\/?p=1725#primaryimage","url":"https:\/\/solylunavitaplay.cl\/wp-content\/uploads\/2021\/04\/Dia-de-la-madre.jpg","contentUrl":"https:\/\/solylunavitaplay.cl\/wp-content\/uploads\/2021\/04\/Dia-de-la-madre.jpg","width":600,"height":393,"caption":"Dia-de-la-madre"},{"@type":"BreadcrumbList","@id":"https:\/\/solylunavitaplay.cl\/?p=1725#breadcrumb","itemListElement":[{"@type":"ListItem","position":1,"name":"Portada","item":"https:\/\/solylunavitaplay.cl\/"},{"@type":"ListItem","position":2,"name":"Calendario escolar y unidad tem\u00e1tica para mayo 2021"}]},{"@type":"WebSite","@id":"https:\/\/solylunavitaplay.cl\/#website","url":"https:\/\/solylunavitaplay.cl\/","name":"Escuela Sol y Luna","description":"Un mundo de aventuras","potentialAction":[{"@type":"SearchAction","target":{"@type":"EntryPoint","urlTemplate":"https:\/\/solylunavitaplay.cl\/?s={search_term_string}"},"query-input":{"@type":"PropertyValueSpecification","valueRequired":true,"valueName":"search_term_string"}}],"inLanguage":"es"},{"@type":"Person","@id":"https:\/\/solylunavitaplay.cl\/#\/schema\/person\/cb4a6a52084ffc17c3fac650db9c99b6","name":"Rodrigo Ortiz","image":{"@type":"ImageObject","inLanguage":"es","@id":"https:\/\/solylunavitaplay.cl\/#\/schema\/person\/image\/","url":"https:\/\/secure.gravatar.com\/avatar\/bfc5cf7843755c53c0fd4e743123540ff9744ba512290837547ee946e22abe83?s=96&d=mm&r=g","contentUrl":"https:\/\/secure.gravatar.com\/avatar\/bfc5cf7843755c53c0fd4e743123540ff9744ba512290837547ee946e22abe83?s=96&d=mm&r=g","caption":"Rodrigo Ortiz"},"url":"https:\/\/solylunavitaplay.cl\/?author=3"}]}},"_links":{"self":[{"href":"https:\/\/solylunavitaplay.cl\/index.php?rest_route=\/wp\/v2\/posts\/1725","targetHints":{"allow":["GET"]}}],"collection":[{"href":"https:\/\/solylunavitaplay.cl\/index.php?rest_route=\/wp\/v2\/posts"}],"about":[{"href":"https:\/\/solylunavitaplay.cl\/index.php?rest_route=\/wp\/v2\/types\/post"}],"author":[{"embeddable":true,"href":"https:\/\/solylunavitaplay.cl\/index.php?rest_route=\/wp\/v2\/users\/3"}],"replies":[{"embeddable":true,"href":"https:\/\/solylunavitaplay.cl\/index.php?rest_route=%2Fwp%2Fv2%2Fcomments&post=1725"}],"version-history":[{"count":3,"href":"https:\/\/solylunavitaplay.cl\/index.php?rest_route=\/wp\/v2\/posts\/1725\/revisions"}],"predecessor-version":[{"id":1730,"href":"https:\/\/solylunavitaplay.cl\/index.php?rest_route=\/wp\/v2\/posts\/1725\/revisions\/1730"}],"wp:featuredmedia":[{"embeddable":true,"href":"https:\/\/solylunavitaplay.cl\/index.php?rest_route=\/wp\/v2\/media\/1728"}],"wp:attachment":[{"href":"https:\/\/solylunavitaplay.cl\/index.php?rest_route=%2Fwp%2Fv2%2Fmedia&parent=1725"}],"wp:term":[{"taxonomy":"category","embeddable":true,"href":"https:\/\/solylunavitaplay.cl\/index.php?rest_route=%2Fwp%2Fv2%2Fcategories&post=1725"},{"taxonomy":"post_tag","embeddable":true,"href":"https:\/\/solylunavitaplay.cl\/index.php?rest_route=%2Fwp%2Fv2%2Ftags&post=1725"}],"curies":[{"name":"wp","href":"https:\/\/api.w.org\/{rel}","templated":true}]}}