{"id":1716,"date":"2021-03-29T01:27:29","date_gmt":"2021-03-29T01:27:29","guid":{"rendered":"https:\/\/solylunavitaplay.cl\/?p=1716"},"modified":"2021-04-05T02:21:53","modified_gmt":"2021-04-05T02:21:53","slug":"calendario-escolar-y-unidad-tematica-para-abril-2021","status":"publish","type":"post","link":"https:\/\/solylunavitaplay.cl\/?p=1716","title":{"rendered":"Calendario escolar y unidad tem\u00e1tica para abril 2021"},"content":{"rendered":"[et_pb_section fb_built=\u00bb1&#8243; admin_label=\u00bbMENU\u00bb _builder_version=\u00bb4.9.2&#8243; background_enable_color=\u00bboff\u00bb custom_padding=\u00bb0px||0px|||\u00bb box_shadow_style=\u00bbpreset2&#8243; locked=\u00bboff\u00bb][et_pb_row _builder_version=\u00bb4.4.8&#8243;][et_pb_column type=\u00bb4_4&#8243; _builder_version=\u00bb4.4.8&#8243;][et_pb_text admin_label=\u00bbIntroducci\u00f3n\u00bb _builder_version=\u00bb4.9.3&#8243; background_size=\u00bbinitial\u00bb background_position=\u00bbtop_left\u00bb background_repeat=\u00bbrepeat\u00bb hover_enabled=\u00bb0&#8243; sticky_enabled=\u00bb0&#8243;]\n<p>Continuando con la planificaci\u00f3n del a\u00f1o 2021, te mostramos el calendario del mes de abril, con las fechas importantes y la unidad tem\u00e1tica a trabajar durante el mes.<\/p>\n<p>&nbsp;<\/p>\n<p>Unidad tem\u00e1tica del mes de abril: <strong>Contemos un cuento.<\/strong><\/p>\n<p>Valor del mes: <strong>Convivencia escolar.<\/strong><\/p>\n[\/et_pb_text][et_pb_image src=\u00bbhttps:\/\/solylunavitaplay.cl\/wp-content\/uploads\/2021\/03\/Libros-infantiles.jpg\u00bb alt=\u00bbLibros-infantiles\u00bb title_text=\u00bbLibros-infantiles\u00bb _builder_version=\u00bb4.9.3&#8243; _module_preset=\u00bbdefault\u00bb hover_enabled=\u00bb0&#8243; sticky_enabled=\u00bb0&#8243;][\/et_pb_image][et_pb_text _builder_version=\u00bb4.9.3&#8243; _module_preset=\u00bbdefault\u00bb hover_enabled=\u00bb0&#8243; sticky_enabled=\u00bb0&#8243;]\n<p style=\"text-align: center;\">Fotograf\u00eda: <a href=\"https:\/\/www.pexels.com\/@cottonbro\">Cottonbro<\/a><\/p>\n<h4>\u00a0<\/h4>\n<h4>Abril 2021<\/h4>\n<table style=\"border-collapse: collapse; width: 74.1784%; height: 276px;\" border=\"1\">\n<tbody>\n<tr style=\"height: 23px;\">\n<td style=\"width: 11.4274%; text-align: center; height: 23px;\"><strong>D\u00eda<\/strong><\/td>\n<td style=\"width: 62.7509%; height: 23px; text-align: center;\"><strong>Evento<\/strong><\/td>\n<\/tr>\n<tr style=\"height: 23px;\">\n<td style=\"width: 11.4274%; text-align: center; height: 23px;\"><strong>01 al 30<\/strong><\/td>\n<td style=\"width: 62.7509%; height: 23px;\"><strong>Mes de la Convivencia Escolar.<\/strong><\/td>\n<\/tr>\n<tr style=\"height: 23px;\">\n<td style=\"width: 11.4274%; text-align: center; height: 23px;\"><strong>01<\/strong><\/td>\n<td style=\"width: 62.7509%; height: 23px;\"><strong>\u00abYo te respeto\u00bb. D\u00eda para aceptar y valorar diferencias.<\/strong><\/td>\n<\/tr>\n<tr style=\"height: 23px;\">\n<td style=\"width: 11.4274%; text-align: center; height: 23px;\"><strong>01 y 02<\/strong><\/td>\n<td style=\"width: 62.7509%; height: 23px;\"><strong>Semana Santa.<\/strong><\/td>\n<\/tr>\n<tr style=\"height: 23px;\">\n<td style=\"width: 11.4274%; text-align: center; height: 23px;\"><strong>05<\/strong><\/td>\n<td style=\"width: 62.7509%; height: 23px;\"><strong>Simulacro de sismo. CANCELADO<\/strong><\/td>\n<\/tr>\n<tr style=\"height: 23px;\">\n<td style=\"width: 11.4274%; text-align: center; height: 23px;\"><strong>06<\/strong><\/td>\n<td style=\"width: 62.7509%; height: 23px;\"><strong>D\u00eda de la Actividad F\u00edsica.<\/strong><\/td>\n<\/tr>\n<tr style=\"height: 23px;\">\n<td style=\"width: 11.4274%; text-align: center; height: 23px;\"><strong>07<\/strong><\/td>\n<td style=\"width: 62.7509%; height: 23px;\"><strong>D\u00eda de la Educaci\u00f3n Rural.<\/strong><\/td>\n<\/tr>\n<tr style=\"height: 23px;\">\n<td style=\"width: 11.4274%; text-align: center; height: 23px;\"><strong>09<\/strong><\/td>\n<td style=\"width: 62.7509%; height: 23px;\"><strong>Revisi\u00f3n Planificaci\u00f3n Estrat\u00e9gica PME.<\/strong><\/td>\n<\/tr>\n<tr style=\"height: 23px;\">\n<td style=\"width: 11.4274%; text-align: center; height: 23px;\"><strong>15<\/strong><\/td>\n<td style=\"width: 62.7509%; height: 23px;\"><strong>D\u00eda del Buen Trato \/ 2a sesi\u00f3n Consejo Escolar.<\/strong><\/td>\n<\/tr>\n<tr style=\"height: 23px;\">\n<td style=\"width: 11.4274%; text-align: center; height: 23px;\"><strong>19<\/strong><\/td>\n<td style=\"width: 62.7509%; height: 23px;\"><strong>1er Taller Fono.<\/strong><\/td>\n<\/tr>\n<tr style=\"height: 23px;\">\n<td style=\"width: 11.4274%; text-align: center; height: 23px;\"><strong>23<\/strong><\/td>\n<td style=\"width: 62.7509%; height: 23px;\"><strong>D\u00eda del Libro y el Derecho de Autor.<\/strong><\/td>\n<\/tr>\n<tr style=\"height: 23px;\">\n<td style=\"width: 11.4274%; text-align: center; height: 23px;\"><strong>27<\/strong><\/td>\n<td style=\"width: 62.7509%; height: 23px;\"><strong>D\u00eda del Carabinero.<\/strong><\/td>\n<\/tr>\n<\/tbody>\n<\/table>\n<p>&nbsp;<\/p>\n[\/et_pb_text][\/et_pb_column][\/et_pb_row][\/et_pb_section]\n","protected":false},"excerpt":{"rendered":"<p>Calendario y efem\u00e9rides de abril 2021. Unidad tem\u00e1tica que se abordar\u00e1 durante el mes y valor a desarrollar.<\/p>\n","protected":false},"author":3,"featured_media":1742,"comment_status":"closed","ping_status":"closed","sticky":false,"template":"","format":"standard","meta":{"_et_pb_use_builder":"on","_et_pb_old_content":"","_et_gb_content_width":"","footnotes":""},"categories":[17],"tags":[37,38,40,39,41],"class_list":["post-1716","post","type-post","status-publish","format-standard","has-post-thumbnail","hentry","category-noticias","tag-calendario-escolar","tag-efemerides","tag-mineduc","tag-unidad-tematica","tag-valores"],"yoast_head":"<!-- This site is optimized with the Yoast SEO plugin v26.0 - https:\/\/yoast.com\/wordpress\/plugins\/seo\/ -->\n<title>Calendario escolar y unidad tem\u00e1tica para abril 2021 Ingreso a clases 2021 - Escuela Sol y Luna<\/title>\n<meta name=\"description\" content=\"Calendario y efem\u00e9rides de abril 2021. Unidad tem\u00e1tica que se abordar\u00e1 durante el mes y valor a desarrollar.\" \/>\n<meta name=\"robots\" content=\"index, follow, max-snippet:-1, max-image-preview:large, max-video-preview:-1\" \/>\n<link rel=\"canonical\" href=\"https:\/\/solylunavitaplay.cl\/?p=1716\" \/>\n<meta property=\"og:locale\" content=\"es_ES\" \/>\n<meta property=\"og:type\" content=\"article\" \/>\n<meta property=\"og:title\" content=\"Calendario escolar y unidad tem\u00e1tica para abril 2021 Ingreso a clases 2021 - Escuela Sol y Luna\" \/>\n<meta property=\"og:description\" content=\"Calendario y efem\u00e9rides de abril 2021. Unidad tem\u00e1tica que se abordar\u00e1 durante el mes y valor a desarrollar.\" \/>\n<meta property=\"og:url\" content=\"https:\/\/solylunavitaplay.cl\/?p=1716\" \/>\n<meta property=\"og:site_name\" content=\"Escuela Sol y Luna\" \/>\n<meta property=\"article:published_time\" content=\"2021-03-29T01:27:29+00:00\" \/>\n<meta property=\"article:modified_time\" content=\"2021-04-05T02:21:53+00:00\" \/>\n<meta property=\"og:image\" content=\"https:\/\/solylunavitaplay.cl\/wp-content\/uploads\/2021\/03\/Libros-infantiles.jpg\" \/>\n\t<meta property=\"og:image:width\" content=\"600\" \/>\n\t<meta property=\"og:image:height\" content=\"472\" \/>\n\t<meta property=\"og:image:type\" content=\"image\/jpeg\" \/>\n<meta name=\"author\" content=\"Rodrigo Ortiz\" \/>\n<meta name=\"twitter:card\" content=\"summary_large_image\" \/>\n<meta name=\"twitter:label1\" content=\"Escrito por\" \/>\n\t<meta name=\"twitter:data1\" content=\"Rodrigo Ortiz\" \/>\n\t<meta name=\"twitter:label2\" content=\"Tiempo de lectura\" \/>\n\t<meta name=\"twitter:data2\" content=\"1 minuto\" \/>\n<script type=\"application\/ld+json\" class=\"yoast-schema-graph\">{\"@context\":\"https:\/\/schema.org\",\"@graph\":[{\"@type\":\"WebPage\",\"@id\":\"https:\/\/solylunavitaplay.cl\/?p=1716\",\"url\":\"https:\/\/solylunavitaplay.cl\/?p=1716\",\"name\":\"Calendario escolar y unidad tem\u00e1tica para abril 2021 Ingreso a clases 2021 - Escuela Sol y Luna\",\"isPartOf\":{\"@id\":\"https:\/\/solylunavitaplay.cl\/#website\"},\"primaryImageOfPage\":{\"@id\":\"https:\/\/solylunavitaplay.cl\/?p=1716#primaryimage\"},\"image\":{\"@id\":\"https:\/\/solylunavitaplay.cl\/?p=1716#primaryimage\"},\"thumbnailUrl\":\"https:\/\/solylunavitaplay.cl\/wp-content\/uploads\/2021\/03\/Libros-infantiles.jpg\",\"datePublished\":\"2021-03-29T01:27:29+00:00\",\"dateModified\":\"2021-04-05T02:21:53+00:00\",\"author\":{\"@id\":\"https:\/\/solylunavitaplay.cl\/#\/schema\/person\/cb4a6a52084ffc17c3fac650db9c99b6\"},\"description\":\"Calendario y efem\u00e9rides de abril 2021. Unidad tem\u00e1tica que se abordar\u00e1 durante el mes y valor a desarrollar.\",\"breadcrumb\":{\"@id\":\"https:\/\/solylunavitaplay.cl\/?p=1716#breadcrumb\"},\"inLanguage\":\"es\",\"potentialAction\":[{\"@type\":\"ReadAction\",\"target\":[\"https:\/\/solylunavitaplay.cl\/?p=1716\"]}]},{\"@type\":\"ImageObject\",\"inLanguage\":\"es\",\"@id\":\"https:\/\/solylunavitaplay.cl\/?p=1716#primaryimage\",\"url\":\"https:\/\/solylunavitaplay.cl\/wp-content\/uploads\/2021\/03\/Libros-infantiles.jpg\",\"contentUrl\":\"https:\/\/solylunavitaplay.cl\/wp-content\/uploads\/2021\/03\/Libros-infantiles.jpg\",\"width\":600,\"height\":472,\"caption\":\"Libros-infantiles\"},{\"@type\":\"BreadcrumbList\",\"@id\":\"https:\/\/solylunavitaplay.cl\/?p=1716#breadcrumb\",\"itemListElement\":[{\"@type\":\"ListItem\",\"position\":1,\"name\":\"Portada\",\"item\":\"https:\/\/solylunavitaplay.cl\/\"},{\"@type\":\"ListItem\",\"position\":2,\"name\":\"Calendario escolar y unidad tem\u00e1tica para abril 2021\"}]},{\"@type\":\"WebSite\",\"@id\":\"https:\/\/solylunavitaplay.cl\/#website\",\"url\":\"https:\/\/solylunavitaplay.cl\/\",\"name\":\"Escuela Sol y Luna\",\"description\":\"Un mundo de aventuras\",\"potentialAction\":[{\"@type\":\"SearchAction\",\"target\":{\"@type\":\"EntryPoint\",\"urlTemplate\":\"https:\/\/solylunavitaplay.cl\/?s={search_term_string}\"},\"query-input\":{\"@type\":\"PropertyValueSpecification\",\"valueRequired\":true,\"valueName\":\"search_term_string\"}}],\"inLanguage\":\"es\"},{\"@type\":\"Person\",\"@id\":\"https:\/\/solylunavitaplay.cl\/#\/schema\/person\/cb4a6a52084ffc17c3fac650db9c99b6\",\"name\":\"Rodrigo Ortiz\",\"image\":{\"@type\":\"ImageObject\",\"inLanguage\":\"es\",\"@id\":\"https:\/\/solylunavitaplay.cl\/#\/schema\/person\/image\/\",\"url\":\"https:\/\/secure.gravatar.com\/avatar\/bfc5cf7843755c53c0fd4e743123540ff9744ba512290837547ee946e22abe83?s=96&d=mm&r=g\",\"contentUrl\":\"https:\/\/secure.gravatar.com\/avatar\/bfc5cf7843755c53c0fd4e743123540ff9744ba512290837547ee946e22abe83?s=96&d=mm&r=g\",\"caption\":\"Rodrigo Ortiz\"},\"url\":\"https:\/\/solylunavitaplay.cl\/?author=3\"}]}<\/script>\n<!-- \/ Yoast SEO plugin. -->","yoast_head_json":{"title":"Calendario escolar y unidad tem\u00e1tica para abril 2021 Ingreso a clases 2021 - Escuela Sol y Luna","description":"Calendario y efem\u00e9rides de abril 2021. Unidad tem\u00e1tica que se abordar\u00e1 durante el mes y valor a desarrollar.","robots":{"index":"index","follow":"follow","max-snippet":"max-snippet:-1","max-image-preview":"max-image-preview:large","max-video-preview":"max-video-preview:-1"},"canonical":"https:\/\/solylunavitaplay.cl\/?p=1716","og_locale":"es_ES","og_type":"article","og_title":"Calendario escolar y unidad tem\u00e1tica para abril 2021 Ingreso a clases 2021 - Escuela Sol y Luna","og_description":"Calendario y efem\u00e9rides de abril 2021. Unidad tem\u00e1tica que se abordar\u00e1 durante el mes y valor a desarrollar.","og_url":"https:\/\/solylunavitaplay.cl\/?p=1716","og_site_name":"Escuela Sol y Luna","article_published_time":"2021-03-29T01:27:29+00:00","article_modified_time":"2021-04-05T02:21:53+00:00","og_image":[{"width":600,"height":472,"url":"https:\/\/solylunavitaplay.cl\/wp-content\/uploads\/2021\/03\/Libros-infantiles.jpg","type":"image\/jpeg"}],"author":"Rodrigo Ortiz","twitter_card":"summary_large_image","twitter_misc":{"Escrito por":"Rodrigo Ortiz","Tiempo de lectura":"1 minuto"},"schema":{"@context":"https:\/\/schema.org","@graph":[{"@type":"WebPage","@id":"https:\/\/solylunavitaplay.cl\/?p=1716","url":"https:\/\/solylunavitaplay.cl\/?p=1716","name":"Calendario escolar y unidad tem\u00e1tica para abril 2021 Ingreso a clases 2021 - Escuela Sol y Luna","isPartOf":{"@id":"https:\/\/solylunavitaplay.cl\/#website"},"primaryImageOfPage":{"@id":"https:\/\/solylunavitaplay.cl\/?p=1716#primaryimage"},"image":{"@id":"https:\/\/solylunavitaplay.cl\/?p=1716#primaryimage"},"thumbnailUrl":"https:\/\/solylunavitaplay.cl\/wp-content\/uploads\/2021\/03\/Libros-infantiles.jpg","datePublished":"2021-03-29T01:27:29+00:00","dateModified":"2021-04-05T02:21:53+00:00","author":{"@id":"https:\/\/solylunavitaplay.cl\/#\/schema\/person\/cb4a6a52084ffc17c3fac650db9c99b6"},"description":"Calendario y efem\u00e9rides de abril 2021. Unidad tem\u00e1tica que se abordar\u00e1 durante el mes y valor a desarrollar.","breadcrumb":{"@id":"https:\/\/solylunavitaplay.cl\/?p=1716#breadcrumb"},"inLanguage":"es","potentialAction":[{"@type":"ReadAction","target":["https:\/\/solylunavitaplay.cl\/?p=1716"]}]},{"@type":"ImageObject","inLanguage":"es","@id":"https:\/\/solylunavitaplay.cl\/?p=1716#primaryimage","url":"https:\/\/solylunavitaplay.cl\/wp-content\/uploads\/2021\/03\/Libros-infantiles.jpg","contentUrl":"https:\/\/solylunavitaplay.cl\/wp-content\/uploads\/2021\/03\/Libros-infantiles.jpg","width":600,"height":472,"caption":"Libros-infantiles"},{"@type":"BreadcrumbList","@id":"https:\/\/solylunavitaplay.cl\/?p=1716#breadcrumb","itemListElement":[{"@type":"ListItem","position":1,"name":"Portada","item":"https:\/\/solylunavitaplay.cl\/"},{"@type":"ListItem","position":2,"name":"Calendario escolar y unidad tem\u00e1tica para abril 2021"}]},{"@type":"WebSite","@id":"https:\/\/solylunavitaplay.cl\/#website","url":"https:\/\/solylunavitaplay.cl\/","name":"Escuela Sol y Luna","description":"Un mundo de aventuras","potentialAction":[{"@type":"SearchAction","target":{"@type":"EntryPoint","urlTemplate":"https:\/\/solylunavitaplay.cl\/?s={search_term_string}"},"query-input":{"@type":"PropertyValueSpecification","valueRequired":true,"valueName":"search_term_string"}}],"inLanguage":"es"},{"@type":"Person","@id":"https:\/\/solylunavitaplay.cl\/#\/schema\/person\/cb4a6a52084ffc17c3fac650db9c99b6","name":"Rodrigo Ortiz","image":{"@type":"ImageObject","inLanguage":"es","@id":"https:\/\/solylunavitaplay.cl\/#\/schema\/person\/image\/","url":"https:\/\/secure.gravatar.com\/avatar\/bfc5cf7843755c53c0fd4e743123540ff9744ba512290837547ee946e22abe83?s=96&d=mm&r=g","contentUrl":"https:\/\/secure.gravatar.com\/avatar\/bfc5cf7843755c53c0fd4e743123540ff9744ba512290837547ee946e22abe83?s=96&d=mm&r=g","caption":"Rodrigo Ortiz"},"url":"https:\/\/solylunavitaplay.cl\/?author=3"}]}},"_links":{"self":[{"href":"https:\/\/solylunavitaplay.cl\/index.php?rest_route=\/wp\/v2\/posts\/1716","targetHints":{"allow":["GET"]}}],"collection":[{"href":"https:\/\/solylunavitaplay.cl\/index.php?rest_route=\/wp\/v2\/posts"}],"about":[{"href":"https:\/\/solylunavitaplay.cl\/index.php?rest_route=\/wp\/v2\/types\/post"}],"author":[{"embeddable":true,"href":"https:\/\/solylunavitaplay.cl\/index.php?rest_route=\/wp\/v2\/users\/3"}],"replies":[{"embeddable":true,"href":"https:\/\/solylunavitaplay.cl\/index.php?rest_route=%2Fwp%2Fv2%2Fcomments&post=1716"}],"version-history":[{"count":6,"href":"https:\/\/solylunavitaplay.cl\/index.php?rest_route=\/wp\/v2\/posts\/1716\/revisions"}],"predecessor-version":[{"id":1743,"href":"https:\/\/solylunavitaplay.cl\/index.php?rest_route=\/wp\/v2\/posts\/1716\/revisions\/1743"}],"wp:featuredmedia":[{"embeddable":true,"href":"https:\/\/solylunavitaplay.cl\/index.php?rest_route=\/wp\/v2\/media\/1742"}],"wp:attachment":[{"href":"https:\/\/solylunavitaplay.cl\/index.php?rest_route=%2Fwp%2Fv2%2Fmedia&parent=1716"}],"wp:term":[{"taxonomy":"category","embeddable":true,"href":"https:\/\/solylunavitaplay.cl\/index.php?rest_route=%2Fwp%2Fv2%2Fcategories&post=1716"},{"taxonomy":"post_tag","embeddable":true,"href":"https:\/\/solylunavitaplay.cl\/index.php?rest_route=%2Fwp%2Fv2%2Ftags&post=1716"}],"curies":[{"name":"wp","href":"https:\/\/api.w.org\/{rel}","templated":true}]}}