{"id":1704,"date":"2021-03-28T21:14:02","date_gmt":"2021-03-28T21:14:02","guid":{"rendered":"https:\/\/solylunavitaplay.cl\/?p=1704"},"modified":"2021-03-29T21:42:57","modified_gmt":"2021-03-29T21:42:57","slug":"once-comunas-retroceden-a-cuarentena","status":"publish","type":"post","link":"https:\/\/solylunavitaplay.cl\/?p=1704","title":{"rendered":"Once comunas retroceden a cuarentena"},"content":{"rendered":"[et_pb_section fb_built=\u00bb1&#8243; admin_label=\u00bbMENU\u00bb _builder_version=\u00bb4.9.2&#8243; background_enable_color=\u00bboff\u00bb custom_padding=\u00bb0px||0px|||\u00bb box_shadow_style=\u00bbpreset2&#8243; locked=\u00bboff\u00bb][et_pb_row _builder_version=\u00bb4.4.8&#8243;][et_pb_column type=\u00bb4_4&#8243; _builder_version=\u00bb4.4.8&#8243;][et_pb_text _builder_version=\u00bb4.9.2&#8243; background_size=\u00bbinitial\u00bb background_position=\u00bbtop_left\u00bb background_repeat=\u00bbrepeat\u00bb]\n<div class=\"content\">\n<p>A partir del jueves 1 de abril, a las 5:00 horas, once comunas entrar\u00e1n a <strong>cuarentena<\/strong> y cuatro volver\u00e1n a <strong>transici\u00f3n<\/strong>.<\/p>\n<p>Este lunes 29 de marzo el Gobierno dio nuevos anuncios relacionados con el Plan Paso a Paso, entre los que destaca el retroceso a <strong>cuarentena<\/strong> de once comunas, debido a las cifras negativas de la pandemia, que superaron los <a href=\"https:\/\/www.pauta.cl\/ciencia-y-tecnologia\/las-cifras-del-covid-19-chile-comparacion-con-paises-misma-cantidad-dias\" target=\"_blank\" rel=\"noopener\">siete mil contagiados y 101 personas fallecidas registradas en un d\u00eda.<\/a><\/p>\n<p><strong>Paso 1<\/strong><\/p>\n<p>Retroceden a Cuarentena el jueves 1 de abril a las 5:00 horas las siguientes comunas:<\/p>\n<ul>\n<li><strong>Puchuncav\u00ed<\/strong><\/li>\n<li><strong>Casablanca<\/strong><\/li>\n<li><strong>El Tabo<\/strong><\/li>\n<li><strong>La Ligua<\/strong><\/li>\n<li><strong>Malloa<\/strong><\/li>\n<li><strong>Pelluhue<\/strong><\/li>\n<li><strong>Santa B\u00e1rbara<\/strong><\/li>\n<li><strong>Victoria<\/strong><\/li>\n<li><strong>Teodoro Schmidt<\/strong><\/li>\n<li><strong>Puc\u00f3n<\/strong><\/li>\n<li><strong>Hualaihu\u00e9<\/strong><\/li>\n<\/ul>\n<p>&nbsp;<\/p>\n<p><strong>Paso 2<\/strong><\/p>\n<p>Retroceden a Transici\u00f3n el jueves 1 de abril a las 5:00 horas las siguientes comunas:<\/p>\n<ul>\n<li><strong>Mar\u00eda Elena<\/strong><\/li>\n<li><strong>San Esteban<\/strong><\/li>\n<li><strong>Peralillo<\/strong><\/li>\n<li><strong>Bulnes<\/strong><\/li>\n<\/ul>\n<p>&nbsp;<\/p>\n<p><strong>Paso 3<\/strong><\/p>\n<p>Retroceden a Preparaci\u00f3n el jueves 1 de abril a las 5:00 horas las siguientes comunas:<\/p>\n<ul>\n<li><strong>Guaitecas<\/strong><\/li>\n<li><strong>Cabo de Hornos<\/strong><\/li>\n<\/ul>\n<p>&nbsp;<\/p>\n<p>Avanzan a Preparaci\u00f3n el jueves 1 de abril a las 5:00 horas las siguientes comunas:<\/p>\n<ul>\n<li><strong>Huara<\/strong><\/li>\n<li><strong>San Pedro de Atacama<\/strong><\/li>\n<li><strong>Petorca<\/strong><\/li>\n<li><strong>Palena<\/strong><\/li>\n<\/ul>\n<p>&nbsp;<\/p>\n<p><strong><span class=\"subtit-sinlink\">Toque de queda<\/span><\/strong><\/p>\n<p>Recuerde que desde el s\u00e1bado 13 de marzo, el horario del toque de queda para todo el pa\u00eds parte a las 22:00 horas y finaliza a las 05:00 horas.<\/p>\n<p>&nbsp;<\/p>\n<p><img loading=\"lazy\" decoding=\"async\" class=\"wp-image-1314 \" src=\"https:\/\/www.vitaplay.cl\/wp-content\/uploads\/2020\/06\/Logo_Corporacion-300x116.png\" alt=\"Corporacion Educacional Play\" width=\"251\" height=\"97\" \/><\/p>\n<p>&nbsp;<\/p>\n<p>Fotograf\u00eda: <a href=\"https:\/\/www.pauta.cl\/\">Pauta<\/a><\/p>\n<\/div>\n[\/et_pb_text][\/et_pb_column][\/et_pb_row][\/et_pb_section]\n","protected":false},"excerpt":{"rendered":"<p>A partir del jueves 1 de abril, a las 5:00 horas, once comunas entrar\u00e1n a cuarentena y cuatro volver\u00e1n a transici\u00f3n. Revise aqu\u00ed la situaci\u00f3n nacional.<\/p>\n","protected":false},"author":3,"featured_media":1712,"comment_status":"closed","ping_status":"closed","sticky":false,"template":"","format":"standard","meta":{"_et_pb_use_builder":"on","_et_pb_old_content":"","_et_gb_content_width":"","footnotes":""},"categories":[17],"tags":[36,35],"class_list":["post-1704","post","type-post","status-publish","format-standard","has-post-thumbnail","hentry","category-noticias","tag-covid","tag-noticias"],"yoast_head":"<!-- This site is optimized with the Yoast SEO plugin v26.0 - https:\/\/yoast.com\/wordpress\/plugins\/seo\/ -->\n<title>Once comunas retroceden a cuarentena Ingreso a clases 2021 - Escuela Sol y Luna<\/title>\n<meta name=\"description\" content=\"A partir del jueves 1 de abril, a las 5:00 horas, once comunas entrar\u00e1n a cuarentena y cuatro volver\u00e1n a transici\u00f3n. Revise aqu\u00ed la situaci\u00f3n nacional.\" \/>\n<meta name=\"robots\" content=\"index, follow, max-snippet:-1, max-image-preview:large, max-video-preview:-1\" \/>\n<link rel=\"canonical\" href=\"https:\/\/solylunavitaplay.cl\/?p=1704\" \/>\n<meta property=\"og:locale\" content=\"es_ES\" \/>\n<meta property=\"og:type\" content=\"article\" \/>\n<meta property=\"og:title\" content=\"Once comunas retroceden a cuarentena Ingreso a clases 2021 - Escuela Sol y Luna\" \/>\n<meta property=\"og:description\" content=\"A partir del jueves 1 de abril, a las 5:00 horas, once comunas entrar\u00e1n a cuarentena y cuatro volver\u00e1n a transici\u00f3n. Revise aqu\u00ed la situaci\u00f3n nacional.\" \/>\n<meta property=\"og:url\" content=\"https:\/\/solylunavitaplay.cl\/?p=1704\" \/>\n<meta property=\"og:site_name\" content=\"Escuela Sol y Luna\" \/>\n<meta property=\"article:published_time\" content=\"2021-03-28T21:14:02+00:00\" \/>\n<meta property=\"article:modified_time\" content=\"2021-03-29T21:42:57+00:00\" \/>\n<meta property=\"og:image\" content=\"https:\/\/solylunavitaplay.cl\/wp-content\/uploads\/2021\/03\/Cuarentena.jpg\" \/>\n\t<meta property=\"og:image:width\" content=\"600\" \/>\n\t<meta property=\"og:image:height\" content=\"401\" \/>\n\t<meta property=\"og:image:type\" content=\"image\/jpeg\" \/>\n<meta name=\"author\" content=\"Rodrigo Ortiz\" \/>\n<meta name=\"twitter:card\" content=\"summary_large_image\" \/>\n<meta name=\"twitter:label1\" content=\"Escrito por\" \/>\n\t<meta name=\"twitter:data1\" content=\"Rodrigo Ortiz\" \/>\n\t<meta name=\"twitter:label2\" content=\"Tiempo de lectura\" \/>\n\t<meta name=\"twitter:data2\" content=\"1 minuto\" \/>\n<script type=\"application\/ld+json\" class=\"yoast-schema-graph\">{\"@context\":\"https:\/\/schema.org\",\"@graph\":[{\"@type\":\"WebPage\",\"@id\":\"https:\/\/solylunavitaplay.cl\/?p=1704\",\"url\":\"https:\/\/solylunavitaplay.cl\/?p=1704\",\"name\":\"Once comunas retroceden a cuarentena Ingreso a clases 2021 - Escuela Sol y Luna\",\"isPartOf\":{\"@id\":\"https:\/\/solylunavitaplay.cl\/#website\"},\"primaryImageOfPage\":{\"@id\":\"https:\/\/solylunavitaplay.cl\/?p=1704#primaryimage\"},\"image\":{\"@id\":\"https:\/\/solylunavitaplay.cl\/?p=1704#primaryimage\"},\"thumbnailUrl\":\"https:\/\/solylunavitaplay.cl\/wp-content\/uploads\/2021\/03\/Cuarentena.jpg\",\"datePublished\":\"2021-03-28T21:14:02+00:00\",\"dateModified\":\"2021-03-29T21:42:57+00:00\",\"author\":{\"@id\":\"https:\/\/solylunavitaplay.cl\/#\/schema\/person\/cb4a6a52084ffc17c3fac650db9c99b6\"},\"description\":\"A partir del jueves 1 de abril, a las 5:00 horas, once comunas entrar\u00e1n a cuarentena y cuatro volver\u00e1n a transici\u00f3n. Revise aqu\u00ed la situaci\u00f3n nacional.\",\"breadcrumb\":{\"@id\":\"https:\/\/solylunavitaplay.cl\/?p=1704#breadcrumb\"},\"inLanguage\":\"es\",\"potentialAction\":[{\"@type\":\"ReadAction\",\"target\":[\"https:\/\/solylunavitaplay.cl\/?p=1704\"]}]},{\"@type\":\"ImageObject\",\"inLanguage\":\"es\",\"@id\":\"https:\/\/solylunavitaplay.cl\/?p=1704#primaryimage\",\"url\":\"https:\/\/solylunavitaplay.cl\/wp-content\/uploads\/2021\/03\/Cuarentena.jpg\",\"contentUrl\":\"https:\/\/solylunavitaplay.cl\/wp-content\/uploads\/2021\/03\/Cuarentena.jpg\",\"width\":600,\"height\":401,\"caption\":\"Cuarentena\"},{\"@type\":\"BreadcrumbList\",\"@id\":\"https:\/\/solylunavitaplay.cl\/?p=1704#breadcrumb\",\"itemListElement\":[{\"@type\":\"ListItem\",\"position\":1,\"name\":\"Portada\",\"item\":\"https:\/\/solylunavitaplay.cl\/\"},{\"@type\":\"ListItem\",\"position\":2,\"name\":\"Once comunas retroceden a cuarentena\"}]},{\"@type\":\"WebSite\",\"@id\":\"https:\/\/solylunavitaplay.cl\/#website\",\"url\":\"https:\/\/solylunavitaplay.cl\/\",\"name\":\"Escuela Sol y Luna\",\"description\":\"Un mundo de aventuras\",\"potentialAction\":[{\"@type\":\"SearchAction\",\"target\":{\"@type\":\"EntryPoint\",\"urlTemplate\":\"https:\/\/solylunavitaplay.cl\/?s={search_term_string}\"},\"query-input\":{\"@type\":\"PropertyValueSpecification\",\"valueRequired\":true,\"valueName\":\"search_term_string\"}}],\"inLanguage\":\"es\"},{\"@type\":\"Person\",\"@id\":\"https:\/\/solylunavitaplay.cl\/#\/schema\/person\/cb4a6a52084ffc17c3fac650db9c99b6\",\"name\":\"Rodrigo Ortiz\",\"image\":{\"@type\":\"ImageObject\",\"inLanguage\":\"es\",\"@id\":\"https:\/\/solylunavitaplay.cl\/#\/schema\/person\/image\/\",\"url\":\"https:\/\/secure.gravatar.com\/avatar\/bfc5cf7843755c53c0fd4e743123540ff9744ba512290837547ee946e22abe83?s=96&d=mm&r=g\",\"contentUrl\":\"https:\/\/secure.gravatar.com\/avatar\/bfc5cf7843755c53c0fd4e743123540ff9744ba512290837547ee946e22abe83?s=96&d=mm&r=g\",\"caption\":\"Rodrigo Ortiz\"},\"url\":\"https:\/\/solylunavitaplay.cl\/?author=3\"}]}<\/script>\n<!-- \/ Yoast SEO plugin. -->","yoast_head_json":{"title":"Once comunas retroceden a cuarentena Ingreso a clases 2021 - Escuela Sol y Luna","description":"A partir del jueves 1 de abril, a las 5:00 horas, once comunas entrar\u00e1n a cuarentena y cuatro volver\u00e1n a transici\u00f3n. Revise aqu\u00ed la situaci\u00f3n nacional.","robots":{"index":"index","follow":"follow","max-snippet":"max-snippet:-1","max-image-preview":"max-image-preview:large","max-video-preview":"max-video-preview:-1"},"canonical":"https:\/\/solylunavitaplay.cl\/?p=1704","og_locale":"es_ES","og_type":"article","og_title":"Once comunas retroceden a cuarentena Ingreso a clases 2021 - Escuela Sol y Luna","og_description":"A partir del jueves 1 de abril, a las 5:00 horas, once comunas entrar\u00e1n a cuarentena y cuatro volver\u00e1n a transici\u00f3n. Revise aqu\u00ed la situaci\u00f3n nacional.","og_url":"https:\/\/solylunavitaplay.cl\/?p=1704","og_site_name":"Escuela Sol y Luna","article_published_time":"2021-03-28T21:14:02+00:00","article_modified_time":"2021-03-29T21:42:57+00:00","og_image":[{"width":600,"height":401,"url":"https:\/\/solylunavitaplay.cl\/wp-content\/uploads\/2021\/03\/Cuarentena.jpg","type":"image\/jpeg"}],"author":"Rodrigo Ortiz","twitter_card":"summary_large_image","twitter_misc":{"Escrito por":"Rodrigo Ortiz","Tiempo de lectura":"1 minuto"},"schema":{"@context":"https:\/\/schema.org","@graph":[{"@type":"WebPage","@id":"https:\/\/solylunavitaplay.cl\/?p=1704","url":"https:\/\/solylunavitaplay.cl\/?p=1704","name":"Once comunas retroceden a cuarentena Ingreso a clases 2021 - Escuela Sol y Luna","isPartOf":{"@id":"https:\/\/solylunavitaplay.cl\/#website"},"primaryImageOfPage":{"@id":"https:\/\/solylunavitaplay.cl\/?p=1704#primaryimage"},"image":{"@id":"https:\/\/solylunavitaplay.cl\/?p=1704#primaryimage"},"thumbnailUrl":"https:\/\/solylunavitaplay.cl\/wp-content\/uploads\/2021\/03\/Cuarentena.jpg","datePublished":"2021-03-28T21:14:02+00:00","dateModified":"2021-03-29T21:42:57+00:00","author":{"@id":"https:\/\/solylunavitaplay.cl\/#\/schema\/person\/cb4a6a52084ffc17c3fac650db9c99b6"},"description":"A partir del jueves 1 de abril, a las 5:00 horas, once comunas entrar\u00e1n a cuarentena y cuatro volver\u00e1n a transici\u00f3n. Revise aqu\u00ed la situaci\u00f3n nacional.","breadcrumb":{"@id":"https:\/\/solylunavitaplay.cl\/?p=1704#breadcrumb"},"inLanguage":"es","potentialAction":[{"@type":"ReadAction","target":["https:\/\/solylunavitaplay.cl\/?p=1704"]}]},{"@type":"ImageObject","inLanguage":"es","@id":"https:\/\/solylunavitaplay.cl\/?p=1704#primaryimage","url":"https:\/\/solylunavitaplay.cl\/wp-content\/uploads\/2021\/03\/Cuarentena.jpg","contentUrl":"https:\/\/solylunavitaplay.cl\/wp-content\/uploads\/2021\/03\/Cuarentena.jpg","width":600,"height":401,"caption":"Cuarentena"},{"@type":"BreadcrumbList","@id":"https:\/\/solylunavitaplay.cl\/?p=1704#breadcrumb","itemListElement":[{"@type":"ListItem","position":1,"name":"Portada","item":"https:\/\/solylunavitaplay.cl\/"},{"@type":"ListItem","position":2,"name":"Once comunas retroceden a cuarentena"}]},{"@type":"WebSite","@id":"https:\/\/solylunavitaplay.cl\/#website","url":"https:\/\/solylunavitaplay.cl\/","name":"Escuela Sol y Luna","description":"Un mundo de aventuras","potentialAction":[{"@type":"SearchAction","target":{"@type":"EntryPoint","urlTemplate":"https:\/\/solylunavitaplay.cl\/?s={search_term_string}"},"query-input":{"@type":"PropertyValueSpecification","valueRequired":true,"valueName":"search_term_string"}}],"inLanguage":"es"},{"@type":"Person","@id":"https:\/\/solylunavitaplay.cl\/#\/schema\/person\/cb4a6a52084ffc17c3fac650db9c99b6","name":"Rodrigo Ortiz","image":{"@type":"ImageObject","inLanguage":"es","@id":"https:\/\/solylunavitaplay.cl\/#\/schema\/person\/image\/","url":"https:\/\/secure.gravatar.com\/avatar\/bfc5cf7843755c53c0fd4e743123540ff9744ba512290837547ee946e22abe83?s=96&d=mm&r=g","contentUrl":"https:\/\/secure.gravatar.com\/avatar\/bfc5cf7843755c53c0fd4e743123540ff9744ba512290837547ee946e22abe83?s=96&d=mm&r=g","caption":"Rodrigo Ortiz"},"url":"https:\/\/solylunavitaplay.cl\/?author=3"}]}},"_links":{"self":[{"href":"https:\/\/solylunavitaplay.cl\/index.php?rest_route=\/wp\/v2\/posts\/1704","targetHints":{"allow":["GET"]}}],"collection":[{"href":"https:\/\/solylunavitaplay.cl\/index.php?rest_route=\/wp\/v2\/posts"}],"about":[{"href":"https:\/\/solylunavitaplay.cl\/index.php?rest_route=\/wp\/v2\/types\/post"}],"author":[{"embeddable":true,"href":"https:\/\/solylunavitaplay.cl\/index.php?rest_route=\/wp\/v2\/users\/3"}],"replies":[{"embeddable":true,"href":"https:\/\/solylunavitaplay.cl\/index.php?rest_route=%2Fwp%2Fv2%2Fcomments&post=1704"}],"version-history":[{"count":6,"href":"https:\/\/solylunavitaplay.cl\/index.php?rest_route=\/wp\/v2\/posts\/1704\/revisions"}],"predecessor-version":[{"id":1715,"href":"https:\/\/solylunavitaplay.cl\/index.php?rest_route=\/wp\/v2\/posts\/1704\/revisions\/1715"}],"wp:featuredmedia":[{"embeddable":true,"href":"https:\/\/solylunavitaplay.cl\/index.php?rest_route=\/wp\/v2\/media\/1712"}],"wp:attachment":[{"href":"https:\/\/solylunavitaplay.cl\/index.php?rest_route=%2Fwp%2Fv2%2Fmedia&parent=1704"}],"wp:term":[{"taxonomy":"category","embeddable":true,"href":"https:\/\/solylunavitaplay.cl\/index.php?rest_route=%2Fwp%2Fv2%2Fcategories&post=1704"},{"taxonomy":"post_tag","embeddable":true,"href":"https:\/\/solylunavitaplay.cl\/index.php?rest_route=%2Fwp%2Fv2%2Ftags&post=1704"}],"curies":[{"name":"wp","href":"https:\/\/api.w.org\/{rel}","templated":true}]}}